{"id":17466,"date":"2023-09-19T08:30:00","date_gmt":"2023-09-19T08:30:00","guid":{"rendered":"https:\/\/magenarquitectos.com\/?p=17466"},"modified":"2023-09-11T11:53:18","modified_gmt":"2023-09-11T11:53:18","slug":"el-ceip-maria-zambrano-en-el-anuario-espana-2023-de-arquitectura-viva","status":"publish","type":"post","link":"https:\/\/magenarquitectos.com\/en\/el-ceip-maria-zambrano-en-el-anuario-espana-2023-de-arquitectura-viva\/","title":{"rendered":"El CEIP Mar\u00eda Zambrano, en el Anuario Espa\u00f1a 2023 de Arquitectura Viva"},"content":{"rendered":"\n<p>Arquitectura Viva incluye el CEIP Mar\u00eda Zambrano en su AV Anuario Espa\u00f1a 2023, entre las 24 mejores obras finalizadas es Espa\u00f1a, en la categor\u00eda &#8220;Ensayos pedag\u00f3gicos&#8221;.<\/p>\n\n\n\n<p>One of the last completed buildings&nbsp;by&nbsp;Mag\u00e9n Arquitectos, Kindergarten Maria Zambrano, is included in the Spain Yearbook Espa\u00f1a 2023, edited by Arquitectura Viva.<\/p>\n\n\n\n<figure class=\"wp-block-image size-large\"><img loading=\"lazy\" width=\"1024\" height=\"563\" src=\"https:\/\/magenarquitectos.com\/wp-content\/uploads\/2023\/07\/AV01-1024x563.jpg\" alt=\"\" class=\"wp-image-17467\" srcset=\"https:\/\/magenarquitectos.com\/wp-content\/uploads\/2023\/07\/AV01-1024x563.jpg 1024w, https:\/\/magenarquitectos.com\/wp-content\/uploads\/2023\/07\/AV01-300x165.jpg 300w, https:\/\/magenarquitectos.com\/wp-content\/uploads\/2023\/07\/AV01-768x423.jpg 768w, https:\/\/magenarquitectos.com\/wp-content\/uploads\/2023\/07\/AV01.jpg 1385w\" sizes=\"(max-width: 1024px) 100vw, 1024px\" title=\"\"><\/figure>\n\n\n\n<figure class=\"wp-block-image size-large\"><img loading=\"lazy\" width=\"1024\" height=\"627\" src=\"https:\/\/magenarquitectos.com\/wp-content\/uploads\/2023\/07\/AV02-1024x627.jpg\" alt=\"\" class=\"wp-image-17469\" srcset=\"https:\/\/magenarquitectos.com\/wp-content\/uploads\/2023\/07\/AV02-1024x627.jpg 1024w, https:\/\/magenarquitectos.com\/wp-content\/uploads\/2023\/07\/AV02-300x184.jpg 300w, https:\/\/magenarquitectos.com\/wp-content\/uploads\/2023\/07\/AV02-768x470.jpg 768w, https:\/\/magenarquitectos.com\/wp-content\/uploads\/2023\/07\/AV02.jpg 1261w\" sizes=\"(max-width: 1024px) 100vw, 1024px\" title=\"\"><\/figure>\n\n\n\n<figure class=\"wp-block-image size-large\"><img loading=\"lazy\" width=\"1024\" height=\"618\" src=\"https:\/\/magenarquitectos.com\/wp-content\/uploads\/2023\/07\/AV03-1024x618.jpg\" alt=\"\" class=\"wp-image-17471\" srcset=\"https:\/\/magenarquitectos.com\/wp-content\/uploads\/2023\/07\/AV03-1024x618.jpg 1024w, https:\/\/magenarquitectos.com\/wp-content\/uploads\/2023\/07\/AV03-300x181.jpg 300w, https:\/\/magenarquitectos.com\/wp-content\/uploads\/2023\/07\/AV03-768x464.jpg 768w, https:\/\/magenarquitectos.com\/wp-content\/uploads\/2023\/07\/AV03.jpg 1259w\" sizes=\"(max-width: 1024px) 100vw, 1024px\" title=\"\"><\/figure>\n","protected":false},"excerpt":{"rendered":"<p>Arquitectura Viva incluye el CEIP Mar\u00eda Zambrano en su AV Anuario Espa\u00f1a 2023, entre las 24 mejores obras finalizadas es Espa\u00f1a, en la categor\u00eda &#8220;Ensayos pedag\u00f3gicos&#8221;. One of the last completed buildings&nbsp;by&nbsp;Mag\u00e9n Arquitectos, Kindergarten Maria Zambrano, is included in the Spain Yearbook Espa\u00f1a 2023, edited by Arquitectura Viva.<\/p>\n","protected":false},"author":1,"featured_media":0,"comment_status":"open","ping_status":"open","sticky":false,"template":"","format":"standard","meta":{"_monsterinsights_skip_tracking":false,"_monsterinsights_sitenote_active":false,"_monsterinsights_sitenote_note":"","_monsterinsights_sitenote_category":0},"categories":[65,139,90,194],"tags":[115,134,80,140,141,74],"_links":{"self":[{"href":"https:\/\/magenarquitectos.com\/en\/wp-json\/wp\/v2\/posts\/17466"}],"collection":[{"href":"https:\/\/magenarquitectos.com\/en\/wp-json\/wp\/v2\/posts"}],"about":[{"href":"https:\/\/magenarquitectos.com\/en\/wp-json\/wp\/v2\/types\/post"}],"author":[{"embeddable":true,"href":"https:\/\/magenarquitectos.com\/en\/wp-json\/wp\/v2\/users\/1"}],"replies":[{"embeddable":true,"href":"https:\/\/magenarquitectos.com\/en\/wp-json\/wp\/v2\/comments?post=17466"}],"version-history":[{"count":2,"href":"https:\/\/magenarquitectos.com\/en\/wp-json\/wp\/v2\/posts\/17466\/revisions"}],"predecessor-version":[{"id":17474,"href":"https:\/\/magenarquitectos.com\/en\/wp-json\/wp\/v2\/posts\/17466\/revisions\/17474"}],"wp:attachment":[{"href":"https:\/\/magenarquitectos.com\/en\/wp-json\/wp\/v2\/media?parent=17466"}],"wp:term":[{"taxonomy":"category","embeddable":true,"href":"https:\/\/magenarquitectos.com\/en\/wp-json\/wp\/v2\/categories?post=17466"},{"taxonomy":"post_tag","embeddable":true,"href":"https:\/\/magenarquitectos.com\/en\/wp-json\/wp\/v2\/tags?post=17466"}],"curies":[{"name":"wp","href":"https:\/\/api.w.org\/{rel}","templated":true}]}}