{"id":17476,"date":"2023-07-11T09:50:14","date_gmt":"2023-07-11T09:50:14","guid":{"rendered":"https:\/\/magenarquitectos.com\/?p=17476"},"modified":"2023-07-11T09:50:17","modified_gmt":"2023-07-11T09:50:17","slug":"el-pabellon-social-en-el-estadio-miralbueno-el-olivar-finalista-en-los-premios-arquitectura-plus-2023","status":"publish","type":"post","link":"https:\/\/magenarquitectos.com\/en\/el-pabellon-social-en-el-estadio-miralbueno-el-olivar-finalista-en-los-premios-arquitectura-plus-2023\/","title":{"rendered":"El Pabell\u00f3n Social en el Estadio-Miralbueno El Olivar, Finalista en los Premios Arquitectura Plus 2023"},"content":{"rendered":"\n<p>El Pabell\u00f3n Social en el Estadio-Miralbueno El Olivar es Finalista en los Premios Arquitectura Plus 2023, convocados por el Grupo V\u00eda, en la categor\u00eda de mejor proyecto de Arquitectura Hotelera o Restauraci\u00f3n. Los ganadores se conocer\u00e1n el pr\u00f3ximo 23 de noviembre. <\/p>\n\n\n\n<p>Social Pavilion in Sports Club El Olivar chosen as Finalist in 2023 Arquitectura Plus Awards, organized by Grupo Via, as one of the best Hotel or Retail projects. Winners to be announced next 23th November.<\/p>\n\n\n\n<figure class=\"wp-block-image size-large\"><img loading=\"lazy\" width=\"1024\" height=\"676\" src=\"https:\/\/magenarquitectos.com\/wp-content\/uploads\/2023\/07\/EL-OLIVAR-023-1024x676.jpg\" alt=\"\" class=\"wp-image-17477\" srcset=\"https:\/\/magenarquitectos.com\/wp-content\/uploads\/2023\/07\/EL-OLIVAR-023-1024x676.jpg 1024w, https:\/\/magenarquitectos.com\/wp-content\/uploads\/2023\/07\/EL-OLIVAR-023-300x198.jpg 300w, https:\/\/magenarquitectos.com\/wp-content\/uploads\/2023\/07\/EL-OLIVAR-023-768x507.jpg 768w, https:\/\/magenarquitectos.com\/wp-content\/uploads\/2023\/07\/EL-OLIVAR-023.jpg 1240w\" sizes=\"(max-width: 1024px) 100vw, 1024px\" title=\"\"><\/figure>\n\n\n\n<figure class=\"wp-block-image size-large\"><img loading=\"lazy\" width=\"1024\" height=\"703\" src=\"https:\/\/magenarquitectos.com\/wp-content\/uploads\/2023\/07\/EL-OLIVAR-029-1024x703.jpg\" alt=\"\" class=\"wp-image-17479\" srcset=\"https:\/\/magenarquitectos.com\/wp-content\/uploads\/2023\/07\/EL-OLIVAR-029-1024x703.jpg 1024w, https:\/\/magenarquitectos.com\/wp-content\/uploads\/2023\/07\/EL-OLIVAR-029-300x206.jpg 300w, https:\/\/magenarquitectos.com\/wp-content\/uploads\/2023\/07\/EL-OLIVAR-029-768x527.jpg 768w, https:\/\/magenarquitectos.com\/wp-content\/uploads\/2023\/07\/EL-OLIVAR-029.jpg 1240w\" sizes=\"(max-width: 1024px) 100vw, 1024px\" title=\"\"><\/figure>\n","protected":false},"excerpt":{"rendered":"<p>El Pabell\u00f3n Social en el Estadio-Miralbueno El Olivar es Finalista en los Premios Arquitectura Plus 2023, convocados por el Grupo V\u00eda, en la categor\u00eda de mejor proyecto de Arquitectura Hotelera o Restauraci\u00f3n. Los ganadores se conocer\u00e1n el pr\u00f3ximo 23 de noviembre. Social Pavilion in Sports Club El Olivar chosen as Finalist in 2023 Arquitectura Plus [&hellip;]<\/p>\n","protected":false},"author":1,"featured_media":0,"comment_status":"open","ping_status":"open","sticky":false,"template":"","format":"standard","meta":{"_monsterinsights_skip_tracking":false,"_monsterinsights_sitenote_active":false,"_monsterinsights_sitenote_note":"","_monsterinsights_sitenote_category":0},"categories":[195,65,67,113],"tags":[115,64,80,74],"_links":{"self":[{"href":"https:\/\/magenarquitectos.com\/en\/wp-json\/wp\/v2\/posts\/17476"}],"collection":[{"href":"https:\/\/magenarquitectos.com\/en\/wp-json\/wp\/v2\/posts"}],"about":[{"href":"https:\/\/magenarquitectos.com\/en\/wp-json\/wp\/v2\/types\/post"}],"author":[{"embeddable":true,"href":"https:\/\/magenarquitectos.com\/en\/wp-json\/wp\/v2\/users\/1"}],"replies":[{"embeddable":true,"href":"https:\/\/magenarquitectos.com\/en\/wp-json\/wp\/v2\/comments?post=17476"}],"version-history":[{"count":1,"href":"https:\/\/magenarquitectos.com\/en\/wp-json\/wp\/v2\/posts\/17476\/revisions"}],"predecessor-version":[{"id":17481,"href":"https:\/\/magenarquitectos.com\/en\/wp-json\/wp\/v2\/posts\/17476\/revisions\/17481"}],"wp:attachment":[{"href":"https:\/\/magenarquitectos.com\/en\/wp-json\/wp\/v2\/media?parent=17476"}],"wp:term":[{"taxonomy":"category","embeddable":true,"href":"https:\/\/magenarquitectos.com\/en\/wp-json\/wp\/v2\/categories?post=17476"},{"taxonomy":"post_tag","embeddable":true,"href":"https:\/\/magenarquitectos.com\/en\/wp-json\/wp\/v2\/tags?post=17476"}],"curies":[{"name":"wp","href":"https:\/\/api.w.org\/{rel}","templated":true}]}}