{"id":17482,"date":"2023-07-19T09:00:00","date_gmt":"2023-07-19T09:00:00","guid":{"rendered":"https:\/\/magenarquitectos.com\/?p=17482"},"modified":"2023-07-19T09:32:52","modified_gmt":"2023-07-19T09:32:52","slug":"xii-congreso-docomomo-iberico-actuaciones-en-el-patrimonio-arquitectonico-del-mo-mo","status":"publish","type":"post","link":"https:\/\/magenarquitectos.com\/en\/xii-congreso-docomomo-iberico-actuaciones-en-el-patrimonio-arquitectonico-del-mo-mo\/","title":{"rendered":"XII Congreso DOCOMOMO Ib\u00e9rico &#8220;Actuaciones en el Patrimonio Arquitect\u00f3nico del Mo.Mo&#8221;"},"content":{"rendered":"\n<p>La Fundaci\u00f3n DOCOMOMO Ib\u00e9rico, con la colaboraci\u00f3n de la Universidad de Valladolid, organiza el XII Congreso DOCOMOMO Ib\u00e9rico &#8220;Actuaciones en el Patrimonio Arquitect\u00f3nico del Mo.Mo&#8221;, dedicado al estudio de la problem\u00e1tica de la intervenci\u00f3n en los edificios registrados por la Fundaci\u00f3n, acotando y profundizando en las l\u00edneas por donde se deba desarrollar una correcta actuaci\u00f3n proyectual en todas sus condicones,&nbsp; del 27 al 29 de Septiembre de 2023 en Valladolid.<\/p>\n\n\n\n<p>Francisco Javier Mag\u00e9n Pardo ha sido seleccionado para presentar su comunicaci\u00f3n \u201cRehabilitaci\u00f3n energ\u00e9tica y adecuaci\u00f3n de los Juzgados de Zaragoza para sede de la Consejer\u00eda de Servicios Sociales del Gobierno de Arag\u00f3n\u201d.<\/p>\n\n\n\n<figure class=\"wp-block-image size-large\"><img loading=\"lazy\" width=\"1024\" height=\"683\" src=\"https:\/\/magenarquitectos.com\/wp-content\/uploads\/2023\/07\/01-JUZGADOS-004-1024x683.jpeg\" alt=\"\" class=\"wp-image-17484\" srcset=\"https:\/\/magenarquitectos.com\/wp-content\/uploads\/2023\/07\/01-JUZGADOS-004-1024x683.jpeg 1024w, https:\/\/magenarquitectos.com\/wp-content\/uploads\/2023\/07\/01-JUZGADOS-004-300x200.jpeg 300w, https:\/\/magenarquitectos.com\/wp-content\/uploads\/2023\/07\/01-JUZGADOS-004-768x512.jpeg 768w, https:\/\/magenarquitectos.com\/wp-content\/uploads\/2023\/07\/01-JUZGADOS-004.jpeg 1200w\" sizes=\"(max-width: 1024px) 100vw, 1024px\" title=\"\"><\/figure>\n\n\n\n<p>+info: <a href=\"http:\/\/magenarquitectos.com\/rehabilitacion-de-los-juzgados-de-sota-zaragoza\/\">Rehabilitaci\u00f3n Juzgados<\/a>, <a href=\"http:\/\/english.magenarquitectos.com\/renovation-of-courthouse-by-alejandro-de-la-sota-zaragoza\/\">Courthouse Renovation<\/a><\/p>\n","protected":false},"excerpt":{"rendered":"<p>La Fundaci\u00f3n DOCOMOMO Ib\u00e9rico, con la colaboraci\u00f3n de la Universidad de Valladolid, organiza el XII Congreso DOCOMOMO Ib\u00e9rico &#8220;Actuaciones en el Patrimonio Arquitect\u00f3nico del Mo.Mo&#8221;, dedicado al estudio de la problem\u00e1tica de la intervenci\u00f3n en los edificios registrados por la Fundaci\u00f3n, acotando y profundizando en las l\u00edneas por donde se deba desarrollar una correcta actuaci\u00f3n [&hellip;]<\/p>\n","protected":false},"author":1,"featured_media":0,"comment_status":"open","ping_status":"open","sticky":false,"template":"","format":"standard","meta":{"_monsterinsights_skip_tracking":false,"_monsterinsights_sitenote_active":false,"_monsterinsights_sitenote_note":"","_monsterinsights_sitenote_category":0},"categories":[196,65,90,194,92],"tags":[100,115,80,93,94,74],"_links":{"self":[{"href":"https:\/\/magenarquitectos.com\/en\/wp-json\/wp\/v2\/posts\/17482"}],"collection":[{"href":"https:\/\/magenarquitectos.com\/en\/wp-json\/wp\/v2\/posts"}],"about":[{"href":"https:\/\/magenarquitectos.com\/en\/wp-json\/wp\/v2\/types\/post"}],"author":[{"embeddable":true,"href":"https:\/\/magenarquitectos.com\/en\/wp-json\/wp\/v2\/users\/1"}],"replies":[{"embeddable":true,"href":"https:\/\/magenarquitectos.com\/en\/wp-json\/wp\/v2\/comments?post=17482"}],"version-history":[{"count":2,"href":"https:\/\/magenarquitectos.com\/en\/wp-json\/wp\/v2\/posts\/17482\/revisions"}],"predecessor-version":[{"id":17487,"href":"https:\/\/magenarquitectos.com\/en\/wp-json\/wp\/v2\/posts\/17482\/revisions\/17487"}],"wp:attachment":[{"href":"https:\/\/magenarquitectos.com\/en\/wp-json\/wp\/v2\/media?parent=17482"}],"wp:term":[{"taxonomy":"category","embeddable":true,"href":"https:\/\/magenarquitectos.com\/en\/wp-json\/wp\/v2\/categories?post=17482"},{"taxonomy":"post_tag","embeddable":true,"href":"https:\/\/magenarquitectos.com\/en\/wp-json\/wp\/v2\/tags?post=17482"}],"curies":[{"name":"wp","href":"https:\/\/api.w.org\/{rel}","templated":true}]}}