{"id":17488,"date":"2023-07-25T08:30:00","date_gmt":"2023-07-25T08:30:00","guid":{"rendered":"https:\/\/magenarquitectos.com\/?p=17488"},"modified":"2023-07-25T10:57:21","modified_gmt":"2023-07-25T10:57:21","slug":"cor-asoc-y-magen-arquitectos-disenaran-un-instituto-en-finestrat","status":"publish","type":"post","link":"https:\/\/magenarquitectos.com\/en\/cor-asoc-y-magen-arquitectos-disenaran-un-instituto-en-finestrat\/","title":{"rendered":"COR Asoc y Mag\u00e9n Arquitectos dise\u00f1ar\u00e1n un Instituto en Finestrat"},"content":{"rendered":"\n<p>La UTE formada por COR Asoc y Mag\u00e9n Arquitectos ha resultado ganadora del Concurso para la Redacci\u00f3n de Proyecto del nuevo instituto de Finestrat, que albergar\u00e1 aulas de ESO, Bachillerato y Formaci\u00f3n Profesional.<\/p>\n\n\n\n<figure class=\"wp-block-image size-large\"><img loading=\"lazy\" width=\"1024\" height=\"498\" src=\"https:\/\/magenarquitectos.com\/wp-content\/uploads\/2023\/07\/finestrat-1024x498.jpg\" alt=\"\" class=\"wp-image-17489\" srcset=\"https:\/\/magenarquitectos.com\/wp-content\/uploads\/2023\/07\/finestrat-1024x498.jpg 1024w, https:\/\/magenarquitectos.com\/wp-content\/uploads\/2023\/07\/finestrat-300x146.jpg 300w, https:\/\/magenarquitectos.com\/wp-content\/uploads\/2023\/07\/finestrat-768x373.jpg 768w, https:\/\/magenarquitectos.com\/wp-content\/uploads\/2023\/07\/finestrat.jpg 1240w\" sizes=\"(max-width: 1024px) 100vw, 1024px\" title=\"\"><\/figure>\n","protected":false},"excerpt":{"rendered":"<p>La UTE formada por COR Asoc y Mag\u00e9n Arquitectos ha resultado ganadora del Concurso para la Redacci\u00f3n de Proyecto del nuevo instituto de Finestrat, que albergar\u00e1 aulas de ESO, Bachillerato y Formaci\u00f3n Profesional.<\/p>\n","protected":false},"author":1,"featured_media":0,"comment_status":"open","ping_status":"open","sticky":false,"template":"","format":"standard","meta":{"_monsterinsights_skip_tracking":false,"_monsterinsights_sitenote_active":false,"_monsterinsights_sitenote_note":"","_monsterinsights_sitenote_category":0},"categories":[65,202,75,139],"tags":[115,134,80,140,234,74],"_links":{"self":[{"href":"https:\/\/magenarquitectos.com\/en\/wp-json\/wp\/v2\/posts\/17488"}],"collection":[{"href":"https:\/\/magenarquitectos.com\/en\/wp-json\/wp\/v2\/posts"}],"about":[{"href":"https:\/\/magenarquitectos.com\/en\/wp-json\/wp\/v2\/types\/post"}],"author":[{"embeddable":true,"href":"https:\/\/magenarquitectos.com\/en\/wp-json\/wp\/v2\/users\/1"}],"replies":[{"embeddable":true,"href":"https:\/\/magenarquitectos.com\/en\/wp-json\/wp\/v2\/comments?post=17488"}],"version-history":[{"count":1,"href":"https:\/\/magenarquitectos.com\/en\/wp-json\/wp\/v2\/posts\/17488\/revisions"}],"predecessor-version":[{"id":17491,"href":"https:\/\/magenarquitectos.com\/en\/wp-json\/wp\/v2\/posts\/17488\/revisions\/17491"}],"wp:attachment":[{"href":"https:\/\/magenarquitectos.com\/en\/wp-json\/wp\/v2\/media?parent=17488"}],"wp:term":[{"taxonomy":"category","embeddable":true,"href":"https:\/\/magenarquitectos.com\/en\/wp-json\/wp\/v2\/categories?post=17488"},{"taxonomy":"post_tag","embeddable":true,"href":"https:\/\/magenarquitectos.com\/en\/wp-json\/wp\/v2\/tags?post=17488"}],"curies":[{"name":"wp","href":"https:\/\/api.w.org\/{rel}","templated":true}]}}