{"id":17503,"date":"2023-08-01T09:12:00","date_gmt":"2023-08-01T09:12:00","guid":{"rendered":"https:\/\/magenarquitectos.com\/?p=17503"},"modified":"2023-07-27T16:48:05","modified_gmt":"2023-07-27T16:48:05","slug":"capsula-scalae-teatro-auditorio-de-illueca","status":"publish","type":"post","link":"https:\/\/magenarquitectos.com\/en\/capsula-scalae-teatro-auditorio-de-illueca\/","title":{"rendered":"C\u00e1psula SCALAE &#8220;Teatro-Auditorio de Illueca&#8221;"},"content":{"rendered":"\n<figure class=\"wp-block-image size-large\"><a href=\"https:\/\/www.youtube.com\/watch?v=d9rDOABE7IY\" rel=\"nofollow noopener\" target=\"_blank\"><img loading=\"lazy\" width=\"1024\" height=\"600\" src=\"https:\/\/magenarquitectos.com\/wp-content\/uploads\/2023\/07\/illueca_scalae-1024x600.jpg\" alt=\"\" class=\"wp-image-17505\" srcset=\"https:\/\/magenarquitectos.com\/wp-content\/uploads\/2023\/07\/illueca_scalae-1024x600.jpg 1024w, https:\/\/magenarquitectos.com\/wp-content\/uploads\/2023\/07\/illueca_scalae-300x176.jpg 300w, https:\/\/magenarquitectos.com\/wp-content\/uploads\/2023\/07\/illueca_scalae-768x450.jpg 768w, https:\/\/magenarquitectos.com\/wp-content\/uploads\/2023\/07\/illueca_scalae.jpg 1240w\" sizes=\"(max-width: 1024px) 100vw, 1024px\" title=\"\"><\/a><\/figure>\n\n\n\n<p>Explicaci\u00f3n, por<strong>\u00a0Jaime Mag\u00e9n<\/strong>, de una constelaci\u00f3n de cinco trozos, de escalas y naturalezas complementarias, que se resuelven en las trazas generales de un proyecto y obra, que simult\u00e1neamente es edificaci\u00f3n, espacio colectivo y pueblo.<\/p>\n\n\n\n<p>En emisi\u00f3n directa desde el estudio profesional de Mag\u00e9n Arquitectos en Zaragoza. Julio 2023<\/p>\n\n\n\n<p>Una iniciativa del Consejo Editorial-Industrial de SCALAE 2023: CRICURSA, LAMP, GEZE, COSENTINO, FIGUERAS y ROCA.<br>Emisi\u00f3n primera de la c\u00e1psula: 27 de julio de 2023<\/p>\n\n\n\n<p>Narraci\u00f3n: Jaime Mag\u00e9n<br>Gui\u00f3n y selecci\u00f3n de im\u00e1genes: Mag\u00e9n Arquitectos<br>Fotograf\u00edas: Rub\u00e9n\u00a0<strong>P\u00e9rez Besc\u00f3s<\/strong><br>Edici\u00f3n y direcci\u00f3n: F\u00e9lix\u00a0<strong>Arranz<\/strong><br>M\u00fasica: original de la serie, por Jaime\u00a0<strong>Stinus<\/strong>.<br>Idioma: Espa\u00f1ol (castellano).<\/p>\n\n\n\n<p>+ info: <a href=\"https:\/\/magenarquitectos.com\/proyectos\/auditorio-de-illueca\/\">Teatro-Auditorio de Illueca<\/a>, <a href=\"https:\/\/magenarquitectos.com\/en\/projects\/illueca-auditorium\/\">Theatre-Auditorium in Illueca<\/a><\/p>\n","protected":false},"excerpt":{"rendered":"<p>Explicaci\u00f3n, por\u00a0Jaime Mag\u00e9n, de una constelaci\u00f3n de cinco trozos, de escalas y naturalezas complementarias, que se resuelven en las trazas generales de un proyecto y obra, que simult\u00e1neamente es edificaci\u00f3n, espacio colectivo y pueblo. En emisi\u00f3n directa desde el estudio profesional de Mag\u00e9n Arquitectos en Zaragoza. Julio 2023 Una iniciativa del Consejo Editorial-Industrial de SCALAE [&hellip;]<\/p>\n","protected":false},"author":1,"featured_media":0,"comment_status":"open","ping_status":"open","sticky":false,"template":"","format":"standard","meta":{"_monsterinsights_skip_tracking":false,"_monsterinsights_sitenote_active":false,"_monsterinsights_sitenote_note":"","_monsterinsights_sitenote_category":0},"categories":[65,196,66,217,90,194,146],"tags":[115,106,129,80,221,74],"_links":{"self":[{"href":"https:\/\/magenarquitectos.com\/en\/wp-json\/wp\/v2\/posts\/17503"}],"collection":[{"href":"https:\/\/magenarquitectos.com\/en\/wp-json\/wp\/v2\/posts"}],"about":[{"href":"https:\/\/magenarquitectos.com\/en\/wp-json\/wp\/v2\/types\/post"}],"author":[{"embeddable":true,"href":"https:\/\/magenarquitectos.com\/en\/wp-json\/wp\/v2\/users\/1"}],"replies":[{"embeddable":true,"href":"https:\/\/magenarquitectos.com\/en\/wp-json\/wp\/v2\/comments?post=17503"}],"version-history":[{"count":1,"href":"https:\/\/magenarquitectos.com\/en\/wp-json\/wp\/v2\/posts\/17503\/revisions"}],"predecessor-version":[{"id":17507,"href":"https:\/\/magenarquitectos.com\/en\/wp-json\/wp\/v2\/posts\/17503\/revisions\/17507"}],"wp:attachment":[{"href":"https:\/\/magenarquitectos.com\/en\/wp-json\/wp\/v2\/media?parent=17503"}],"wp:term":[{"taxonomy":"category","embeddable":true,"href":"https:\/\/magenarquitectos.com\/en\/wp-json\/wp\/v2\/categories?post=17503"},{"taxonomy":"post_tag","embeddable":true,"href":"https:\/\/magenarquitectos.com\/en\/wp-json\/wp\/v2\/tags?post=17503"}],"curies":[{"name":"wp","href":"https:\/\/api.w.org\/{rel}","templated":true}]}}