{"id":17509,"date":"2023-08-29T08:36:00","date_gmt":"2023-08-29T08:36:00","guid":{"rendered":"https:\/\/magenarquitectos.com\/?p=17509"},"modified":"2023-08-29T09:06:18","modified_gmt":"2023-08-29T09:06:18","slug":"rehabilitacion-energetica-y-funcional-del-edificio-pignatelli","status":"publish","type":"post","link":"https:\/\/magenarquitectos.com\/en\/rehabilitacion-energetica-y-funcional-del-edificio-pignatelli\/","title":{"rendered":"Rehabilitaci\u00f3n energ\u00e9tica y funcional del Edificio Pignatelli"},"content":{"rendered":"\n<p>La propuesta de MLN-Mariano L\u00f3pez Navarro, de cuyo equipo t\u00e9cnico forma parte Mag\u00e9n Arquitectos, ha resultado ganadora del Concurso para la Redacci\u00f3n del Proyecto y Ejecuci\u00f3n de las Obras de Rehabilitaci\u00f3n energ\u00e9tica y funcional del Edificio Pignatelli, sede administrativa del Gobierno de Arag\u00f3n.<\/p>\n\n\n\n<figure class=\"wp-block-image size-large\"><img loading=\"lazy\" width=\"1024\" height=\"1019\" src=\"https:\/\/magenarquitectos.com\/wp-content\/uploads\/2023\/08\/pignatelli-1024x1019.jpg\" alt=\"\" class=\"wp-image-17510\" srcset=\"https:\/\/magenarquitectos.com\/wp-content\/uploads\/2023\/08\/pignatelli-1024x1019.jpg 1024w, https:\/\/magenarquitectos.com\/wp-content\/uploads\/2023\/08\/pignatelli-300x300.jpg 300w, https:\/\/magenarquitectos.com\/wp-content\/uploads\/2023\/08\/pignatelli-150x150.jpg 150w, https:\/\/magenarquitectos.com\/wp-content\/uploads\/2023\/08\/pignatelli-768x764.jpg 768w, https:\/\/magenarquitectos.com\/wp-content\/uploads\/2023\/08\/pignatelli.jpg 1240w\" sizes=\"(max-width: 1024px) 100vw, 1024px\" title=\"\"><\/figure>\n","protected":false},"excerpt":{"rendered":"<p>La propuesta de MLN-Mariano L\u00f3pez Navarro, de cuyo equipo t\u00e9cnico forma parte Mag\u00e9n Arquitectos, ha resultado ganadora del Concurso para la Redacci\u00f3n del Proyecto y Ejecuci\u00f3n de las Obras de Rehabilitaci\u00f3n energ\u00e9tica y funcional del Edificio Pignatelli, sede administrativa del Gobierno de Arag\u00f3n.<\/p>\n","protected":false},"author":1,"featured_media":0,"comment_status":"open","ping_status":"open","sticky":false,"template":"","format":"standard","meta":{"_monsterinsights_skip_tracking":false,"_monsterinsights_sitenote_active":false,"_monsterinsights_sitenote_note":"","_monsterinsights_sitenote_category":0},"categories":[202,75,76,77,65,92],"tags":[115,80,93,94,82,83,74],"_links":{"self":[{"href":"https:\/\/magenarquitectos.com\/en\/wp-json\/wp\/v2\/posts\/17509"}],"collection":[{"href":"https:\/\/magenarquitectos.com\/en\/wp-json\/wp\/v2\/posts"}],"about":[{"href":"https:\/\/magenarquitectos.com\/en\/wp-json\/wp\/v2\/types\/post"}],"author":[{"embeddable":true,"href":"https:\/\/magenarquitectos.com\/en\/wp-json\/wp\/v2\/users\/1"}],"replies":[{"embeddable":true,"href":"https:\/\/magenarquitectos.com\/en\/wp-json\/wp\/v2\/comments?post=17509"}],"version-history":[{"count":2,"href":"https:\/\/magenarquitectos.com\/en\/wp-json\/wp\/v2\/posts\/17509\/revisions"}],"predecessor-version":[{"id":17559,"href":"https:\/\/magenarquitectos.com\/en\/wp-json\/wp\/v2\/posts\/17509\/revisions\/17559"}],"wp:attachment":[{"href":"https:\/\/magenarquitectos.com\/en\/wp-json\/wp\/v2\/media?parent=17509"}],"wp:term":[{"taxonomy":"category","embeddable":true,"href":"https:\/\/magenarquitectos.com\/en\/wp-json\/wp\/v2\/categories?post=17509"},{"taxonomy":"post_tag","embeddable":true,"href":"https:\/\/magenarquitectos.com\/en\/wp-json\/wp\/v2\/tags?post=17509"}],"curies":[{"name":"wp","href":"https:\/\/api.w.org\/{rel}","templated":true}]}}