{"id":17515,"date":"2023-08-22T09:00:00","date_gmt":"2023-08-22T09:00:00","guid":{"rendered":"https:\/\/magenarquitectos.com\/?p=17515"},"modified":"2023-08-21T11:34:08","modified_gmt":"2023-08-21T11:34:08","slug":"jaime-magen-en-aragon-noticias","status":"publish","type":"post","link":"https:\/\/magenarquitectos.com\/en\/jaime-magen-en-aragon-noticias\/","title":{"rendered":"Jaime Mag\u00e9n, en &#8220;Arag\u00f3n Noticias&#8221;"},"content":{"rendered":"\n<p>Jaime Mag\u00e9n ha sido entrevistado en el informativo &#8220;Arag\u00f3n Noticias&#8221; de Arag\u00f3n Televisi\u00f3n (ATV) con motivo de la Selecci\u00f3n del Pabell\u00f3n Social del Estadio Miralbueno-El Olivar en la XVI Bienal Espa\u00f1ola de Arquitectura y Urbanismo.<\/p>\n\n\n\n<figure class=\"wp-block-image size-large\"><img loading=\"lazy\" width=\"1024\" height=\"750\" src=\"https:\/\/magenarquitectos.com\/wp-content\/uploads\/2023\/08\/olivar_atv_jm-1024x750.jpg\" alt=\"\" class=\"wp-image-17516\" srcset=\"https:\/\/magenarquitectos.com\/wp-content\/uploads\/2023\/08\/olivar_atv_jm-1024x750.jpg 1024w, https:\/\/magenarquitectos.com\/wp-content\/uploads\/2023\/08\/olivar_atv_jm-300x220.jpg 300w, https:\/\/magenarquitectos.com\/wp-content\/uploads\/2023\/08\/olivar_atv_jm-768x563.jpg 768w, https:\/\/magenarquitectos.com\/wp-content\/uploads\/2023\/08\/olivar_atv_jm.jpg 1181w\" sizes=\"(max-width: 1024px) 100vw, 1024px\" title=\"\"><\/figure>\n","protected":false},"excerpt":{"rendered":"<p>Jaime Mag\u00e9n ha sido entrevistado en el informativo &#8220;Arag\u00f3n Noticias&#8221; de Arag\u00f3n Televisi\u00f3n (ATV) con motivo de la Selecci\u00f3n del Pabell\u00f3n Social del Estadio Miralbueno-El Olivar en la XVI Bienal Espa\u00f1ola de Arquitectura y Urbanismo.<\/p>\n","protected":false},"author":1,"featured_media":0,"comment_status":"open","ping_status":"open","sticky":false,"template":"","format":"standard","meta":{"_monsterinsights_skip_tracking":false,"_monsterinsights_sitenote_active":false,"_monsterinsights_sitenote_note":"","_monsterinsights_sitenote_category":0},"categories":[258,195,65,113],"tags":[115,80,71,72,74],"_links":{"self":[{"href":"https:\/\/magenarquitectos.com\/en\/wp-json\/wp\/v2\/posts\/17515"}],"collection":[{"href":"https:\/\/magenarquitectos.com\/en\/wp-json\/wp\/v2\/posts"}],"about":[{"href":"https:\/\/magenarquitectos.com\/en\/wp-json\/wp\/v2\/types\/post"}],"author":[{"embeddable":true,"href":"https:\/\/magenarquitectos.com\/en\/wp-json\/wp\/v2\/users\/1"}],"replies":[{"embeddable":true,"href":"https:\/\/magenarquitectos.com\/en\/wp-json\/wp\/v2\/comments?post=17515"}],"version-history":[{"count":1,"href":"https:\/\/magenarquitectos.com\/en\/wp-json\/wp\/v2\/posts\/17515\/revisions"}],"predecessor-version":[{"id":17518,"href":"https:\/\/magenarquitectos.com\/en\/wp-json\/wp\/v2\/posts\/17515\/revisions\/17518"}],"wp:attachment":[{"href":"https:\/\/magenarquitectos.com\/en\/wp-json\/wp\/v2\/media?parent=17515"}],"wp:term":[{"taxonomy":"category","embeddable":true,"href":"https:\/\/magenarquitectos.com\/en\/wp-json\/wp\/v2\/categories?post=17515"},{"taxonomy":"post_tag","embeddable":true,"href":"https:\/\/magenarquitectos.com\/en\/wp-json\/wp\/v2\/tags?post=17515"}],"curies":[{"name":"wp","href":"https:\/\/api.w.org\/{rel}","templated":true}]}}