{"id":17523,"date":"2023-09-12T09:00:00","date_gmt":"2023-09-12T09:00:00","guid":{"rendered":"https:\/\/magenarquitectos.com\/?p=17523"},"modified":"2023-09-11T11:53:16","modified_gmt":"2023-09-11T11:53:16","slug":"la-rehabilitacion-de-los-juzgados-de-sota-publicada-en-el-libro-catalogo-de-los-v-ahi-european-awards","status":"publish","type":"post","link":"https:\/\/magenarquitectos.com\/en\/la-rehabilitacion-de-los-juzgados-de-sota-publicada-en-el-libro-catalogo-de-los-v-ahi-european-awards\/","title":{"rendered":"La Rehabilitaci\u00f3n de los Juzgados de Sota, publicada en el Libro-Cat\u00e1logo de los V AHI European Awards"},"content":{"rendered":"\n<p>La Rehabilitaci\u00f3n de los Juzgados de Sota en Zaragoza para Sede de la Consejer\u00eda de Ciudadan\u00eda y Derechos Sociales del Gobierno de Arag\u00f3n, de Mag\u00e9n Arquitectos, publicada en el Libro-Cat\u00e1logo de los V Premios Europeos a la Rehabilitaci\u00f3n del Patrimonio Arquitect\u00f3nico.<\/p>\n\n\n\n<p>Renovation of Courthouse by Alejandro de la Sota in Zaragoza, by Mag\u00e9n Arquitectos, is featured in the Book-Catalogue dedicated to V European Awards for Architectural Heritage Intervention. <\/p>\n\n\n\n<p>+info: <a href=\"http:\/\/magenarquitectos.com\/rehabilitacion-de-los-juzgados-de-sota-zaragoza\/\">Rehabilitaci\u00f3n Juzgados<\/a>, <a href=\"http:\/\/english.magenarquitectos.com\/renovation-of-courthouse-by-alejandro-de-la-sota-zaragoza\/\">Courthouse Renovation<\/a><\/p>\n\n\n\n<figure class=\"wp-block-image size-large\"><img loading=\"lazy\" width=\"855\" height=\"1024\" src=\"https:\/\/magenarquitectos.com\/wp-content\/uploads\/2023\/08\/sota_ahi-855x1024.jpg\" alt=\"\" class=\"wp-image-17525\" srcset=\"https:\/\/magenarquitectos.com\/wp-content\/uploads\/2023\/08\/sota_ahi-855x1024.jpg 855w, https:\/\/magenarquitectos.com\/wp-content\/uploads\/2023\/08\/sota_ahi-250x300.jpg 250w, https:\/\/magenarquitectos.com\/wp-content\/uploads\/2023\/08\/sota_ahi-768x920.jpg 768w, https:\/\/magenarquitectos.com\/wp-content\/uploads\/2023\/08\/sota_ahi.jpg 1035w\" sizes=\"(max-width: 855px) 100vw, 855px\" title=\"\"><\/figure>\n","protected":false},"excerpt":{"rendered":"<p>La Rehabilitaci\u00f3n de los Juzgados de Sota en Zaragoza para Sede de la Consejer\u00eda de Ciudadan\u00eda y Derechos Sociales del Gobierno de Arag\u00f3n, de Mag\u00e9n Arquitectos, publicada en el Libro-Cat\u00e1logo de los V Premios Europeos a la Rehabilitaci\u00f3n del Patrimonio Arquitect\u00f3nico. Renovation of Courthouse by Alejandro de la Sota in Zaragoza, by Mag\u00e9n Arquitectos, is [&hellip;]<\/p>\n","protected":false},"author":1,"featured_media":0,"comment_status":"open","ping_status":"open","sticky":false,"template":"","format":"standard","meta":{"_monsterinsights_skip_tracking":false,"_monsterinsights_sitenote_active":false,"_monsterinsights_sitenote_note":"","_monsterinsights_sitenote_category":0},"categories":[195,77,113,90,194,92],"tags":[115,93,94,74],"_links":{"self":[{"href":"https:\/\/magenarquitectos.com\/en\/wp-json\/wp\/v2\/posts\/17523"}],"collection":[{"href":"https:\/\/magenarquitectos.com\/en\/wp-json\/wp\/v2\/posts"}],"about":[{"href":"https:\/\/magenarquitectos.com\/en\/wp-json\/wp\/v2\/types\/post"}],"author":[{"embeddable":true,"href":"https:\/\/magenarquitectos.com\/en\/wp-json\/wp\/v2\/users\/1"}],"replies":[{"embeddable":true,"href":"https:\/\/magenarquitectos.com\/en\/wp-json\/wp\/v2\/comments?post=17523"}],"version-history":[{"count":1,"href":"https:\/\/magenarquitectos.com\/en\/wp-json\/wp\/v2\/posts\/17523\/revisions"}],"predecessor-version":[{"id":17527,"href":"https:\/\/magenarquitectos.com\/en\/wp-json\/wp\/v2\/posts\/17523\/revisions\/17527"}],"wp:attachment":[{"href":"https:\/\/magenarquitectos.com\/en\/wp-json\/wp\/v2\/media?parent=17523"}],"wp:term":[{"taxonomy":"category","embeddable":true,"href":"https:\/\/magenarquitectos.com\/en\/wp-json\/wp\/v2\/categories?post=17523"},{"taxonomy":"post_tag","embeddable":true,"href":"https:\/\/magenarquitectos.com\/en\/wp-json\/wp\/v2\/tags?post=17523"}],"curies":[{"name":"wp","href":"https:\/\/api.w.org\/{rel}","templated":true}]}}