{"id":17579,"date":"2023-10-10T09:00:00","date_gmt":"2023-10-10T09:00:00","guid":{"rendered":"https:\/\/magenarquitectos.com\/?p=17579"},"modified":"2023-10-05T17:45:42","modified_gmt":"2023-10-05T17:45:42","slug":"el-teatro-auditorio-de-illueca-publicado-en-baunetz-2","status":"publish","type":"post","link":"https:\/\/magenarquitectos.com\/en\/el-teatro-auditorio-de-illueca-publicado-en-baunetz-2\/","title":{"rendered":"El Teatro-Auditorio de Illueca, publicado en Baunetz"},"content":{"rendered":"\n<p>El n\u00famero 629 de la revista alemana Baunetz contiene un art\u00edculo, &#8220;Leeres Spanien. Kulturelle revitalisierungen in der provinz (Espa\u00f1a vac\u00eda. Revitalizaciones culturales en la provincia)&#8221;, que incluye el Teatro-Auditorio de Illueca.<\/p>\n\n\n\n<p>German publication Baunetz\u00a0 features the Theatre-Auditorium of Illueca\u00a0 in its 629 issue, &#8220;Leeres Spanien. Kulturelle revitalisierungen in der provinz&#8221;.<\/p>\n\n\n\n<figure class=\"wp-block-image size-large\"><img loading=\"lazy\" width=\"1024\" height=\"717\" src=\"https:\/\/magenarquitectos.com\/wp-content\/uploads\/2023\/10\/publicacion-baunetz01-1024x717.jpg\" alt=\"\" class=\"wp-image-17580\" srcset=\"https:\/\/magenarquitectos.com\/wp-content\/uploads\/2023\/10\/publicacion-baunetz01-1024x717.jpg 1024w, https:\/\/magenarquitectos.com\/wp-content\/uploads\/2023\/10\/publicacion-baunetz01-300x210.jpg 300w, https:\/\/magenarquitectos.com\/wp-content\/uploads\/2023\/10\/publicacion-baunetz01-768x538.jpg 768w, https:\/\/magenarquitectos.com\/wp-content\/uploads\/2023\/10\/publicacion-baunetz01-1536x1076.jpg 1536w, https:\/\/magenarquitectos.com\/wp-content\/uploads\/2023\/10\/publicacion-baunetz01.jpg 1710w\" sizes=\"(max-width: 1024px) 100vw, 1024px\" title=\"\"><\/figure>\n\n\n\n<figure class=\"wp-block-image size-large\"><img loading=\"lazy\" width=\"1024\" height=\"717\" src=\"https:\/\/magenarquitectos.com\/wp-content\/uploads\/2023\/10\/publicacion-baunetz20-1024x717.jpg\" alt=\"\" class=\"wp-image-17582\" srcset=\"https:\/\/magenarquitectos.com\/wp-content\/uploads\/2023\/10\/publicacion-baunetz20-1024x717.jpg 1024w, https:\/\/magenarquitectos.com\/wp-content\/uploads\/2023\/10\/publicacion-baunetz20-300x210.jpg 300w, https:\/\/magenarquitectos.com\/wp-content\/uploads\/2023\/10\/publicacion-baunetz20-768x538.jpg 768w, https:\/\/magenarquitectos.com\/wp-content\/uploads\/2023\/10\/publicacion-baunetz20-1536x1076.jpg 1536w, https:\/\/magenarquitectos.com\/wp-content\/uploads\/2023\/10\/publicacion-baunetz20.jpg 1710w\" sizes=\"(max-width: 1024px) 100vw, 1024px\" title=\"\"><\/figure>\n\n\n\n<figure class=\"wp-block-image size-large\"><img loading=\"lazy\" width=\"1024\" height=\"715\" src=\"https:\/\/magenarquitectos.com\/wp-content\/uploads\/2023\/10\/publicacion-baunetz21-1024x715.jpg\" alt=\"\" class=\"wp-image-17584\" srcset=\"https:\/\/magenarquitectos.com\/wp-content\/uploads\/2023\/10\/publicacion-baunetz21-1024x715.jpg 1024w, https:\/\/magenarquitectos.com\/wp-content\/uploads\/2023\/10\/publicacion-baunetz21-300x210.jpg 300w, https:\/\/magenarquitectos.com\/wp-content\/uploads\/2023\/10\/publicacion-baunetz21-768x536.jpg 768w, https:\/\/magenarquitectos.com\/wp-content\/uploads\/2023\/10\/publicacion-baunetz21-1536x1073.jpg 1536w, https:\/\/magenarquitectos.com\/wp-content\/uploads\/2023\/10\/publicacion-baunetz21.jpg 1715w\" sizes=\"(max-width: 1024px) 100vw, 1024px\" title=\"\"><\/figure>\n","protected":false},"excerpt":{"rendered":"<p>El n\u00famero 629 de la revista alemana Baunetz contiene un art\u00edculo, &#8220;Leeres Spanien. Kulturelle revitalisierungen in der provinz (Espa\u00f1a vac\u00eda. Revitalizaciones culturales en la provincia)&#8221;, que incluye el Teatro-Auditorio de Illueca. German publication Baunetz\u00a0 features the Theatre-Auditorium of Illueca\u00a0 in its 629 issue, &#8220;Leeres Spanien. Kulturelle revitalisierungen in der provinz&#8221;.<\/p>\n","protected":false},"author":1,"featured_media":0,"comment_status":"open","ping_status":"open","sticky":false,"template":"","format":"standard","meta":{"_monsterinsights_skip_tracking":false,"_monsterinsights_sitenote_active":false,"_monsterinsights_sitenote_note":"","_monsterinsights_sitenote_category":0},"categories":[65,66,90,194],"tags":[115,106,221,74],"_links":{"self":[{"href":"https:\/\/magenarquitectos.com\/en\/wp-json\/wp\/v2\/posts\/17579"}],"collection":[{"href":"https:\/\/magenarquitectos.com\/en\/wp-json\/wp\/v2\/posts"}],"about":[{"href":"https:\/\/magenarquitectos.com\/en\/wp-json\/wp\/v2\/types\/post"}],"author":[{"embeddable":true,"href":"https:\/\/magenarquitectos.com\/en\/wp-json\/wp\/v2\/users\/1"}],"replies":[{"embeddable":true,"href":"https:\/\/magenarquitectos.com\/en\/wp-json\/wp\/v2\/comments?post=17579"}],"version-history":[{"count":1,"href":"https:\/\/magenarquitectos.com\/en\/wp-json\/wp\/v2\/posts\/17579\/revisions"}],"predecessor-version":[{"id":17586,"href":"https:\/\/magenarquitectos.com\/en\/wp-json\/wp\/v2\/posts\/17579\/revisions\/17586"}],"wp:attachment":[{"href":"https:\/\/magenarquitectos.com\/en\/wp-json\/wp\/v2\/media?parent=17579"}],"wp:term":[{"taxonomy":"category","embeddable":true,"href":"https:\/\/magenarquitectos.com\/en\/wp-json\/wp\/v2\/categories?post=17579"},{"taxonomy":"post_tag","embeddable":true,"href":"https:\/\/magenarquitectos.com\/en\/wp-json\/wp\/v2\/tags?post=17579"}],"curies":[{"name":"wp","href":"https:\/\/api.w.org\/{rel}","templated":true}]}}