{"id":17602,"date":"2023-11-07T08:20:00","date_gmt":"2023-11-07T08:20:00","guid":{"rendered":"https:\/\/magenarquitectos.com\/?p=17602"},"modified":"2023-10-29T17:38:11","modified_gmt":"2023-10-29T17:38:11","slug":"el-teatro-auditorio-de-illueca-publicado-en-frankfurter-allgemeine-zeitung","status":"publish","type":"post","link":"https:\/\/magenarquitectos.com\/en\/el-teatro-auditorio-de-illueca-publicado-en-frankfurter-allgemeine-zeitung\/","title":{"rendered":"El Teatro-Auditorio de Illueca, publicado en Frankfurter Allgemeine Zeitung"},"content":{"rendered":"\n<p>El Frankfurter Allgemeine Zeitung publica un art\u00edculo, &#8220;Leeres SpanienVergesst mir die Einheimischen nicht (Espa\u00f1a vac\u00eda. No te olvides de los lugare\u00f1os)&#8221;, sobre el Teatro-Auditorio de Illueca.<\/p>\n\n\n\n<p>Frankfurter Allgemeine Zeitung&nbsp; features the Theatre-Auditorium of Illueca&nbsp; in an article, &#8220;Leeres Spanien. Vergesst mir die Einheimischen nicht&#8221;.<\/p>\n\n\n\n<figure class=\"wp-block-image size-large\"><img loading=\"lazy\" width=\"717\" height=\"1024\" src=\"https:\/\/magenarquitectos.com\/wp-content\/uploads\/2023\/10\/illueca_faz-717x1024.jpg\" alt=\"\" class=\"wp-image-17603\" srcset=\"https:\/\/magenarquitectos.com\/wp-content\/uploads\/2023\/10\/illueca_faz-717x1024.jpg 717w, https:\/\/magenarquitectos.com\/wp-content\/uploads\/2023\/10\/illueca_faz-210x300.jpg 210w, https:\/\/magenarquitectos.com\/wp-content\/uploads\/2023\/10\/illueca_faz-768x1097.jpg 768w, https:\/\/magenarquitectos.com\/wp-content\/uploads\/2023\/10\/illueca_faz.jpg 868w\" sizes=\"(max-width: 717px) 100vw, 717px\" title=\"\"><\/figure>\n","protected":false},"excerpt":{"rendered":"<p>El Frankfurter Allgemeine Zeitung publica un art\u00edculo, &#8220;Leeres SpanienVergesst mir die Einheimischen nicht (Espa\u00f1a vac\u00eda. No te olvides de los lugare\u00f1os)&#8221;, sobre el Teatro-Auditorio de Illueca. Frankfurter Allgemeine Zeitung&nbsp; features the Theatre-Auditorium of Illueca&nbsp; in an article, &#8220;Leeres Spanien. Vergesst mir die Einheimischen nicht&#8221;.<\/p>\n","protected":false},"author":1,"featured_media":0,"comment_status":"open","ping_status":"open","sticky":false,"template":"","format":"standard","meta":{"_monsterinsights_skip_tracking":false,"_monsterinsights_sitenote_active":false,"_monsterinsights_sitenote_note":"","_monsterinsights_sitenote_category":0},"categories":[65,66,90,194],"tags":[115,106,221,74],"_links":{"self":[{"href":"https:\/\/magenarquitectos.com\/en\/wp-json\/wp\/v2\/posts\/17602"}],"collection":[{"href":"https:\/\/magenarquitectos.com\/en\/wp-json\/wp\/v2\/posts"}],"about":[{"href":"https:\/\/magenarquitectos.com\/en\/wp-json\/wp\/v2\/types\/post"}],"author":[{"embeddable":true,"href":"https:\/\/magenarquitectos.com\/en\/wp-json\/wp\/v2\/users\/1"}],"replies":[{"embeddable":true,"href":"https:\/\/magenarquitectos.com\/en\/wp-json\/wp\/v2\/comments?post=17602"}],"version-history":[{"count":2,"href":"https:\/\/magenarquitectos.com\/en\/wp-json\/wp\/v2\/posts\/17602\/revisions"}],"predecessor-version":[{"id":17627,"href":"https:\/\/magenarquitectos.com\/en\/wp-json\/wp\/v2\/posts\/17602\/revisions\/17627"}],"wp:attachment":[{"href":"https:\/\/magenarquitectos.com\/en\/wp-json\/wp\/v2\/media?parent=17602"}],"wp:term":[{"taxonomy":"category","embeddable":true,"href":"https:\/\/magenarquitectos.com\/en\/wp-json\/wp\/v2\/categories?post=17602"},{"taxonomy":"post_tag","embeddable":true,"href":"https:\/\/magenarquitectos.com\/en\/wp-json\/wp\/v2\/tags?post=17602"}],"curies":[{"name":"wp","href":"https:\/\/api.w.org\/{rel}","templated":true}]}}