{"id":17617,"date":"2023-11-14T08:40:00","date_gmt":"2023-11-14T08:40:00","guid":{"rendered":"https:\/\/magenarquitectos.com\/?p=17617"},"modified":"2023-11-13T11:53:26","modified_gmt":"2023-11-13T11:53:26","slug":"palacio-municipal-de-deportes-de-huesca","status":"publish","type":"post","link":"https:\/\/magenarquitectos.com\/en\/palacio-municipal-de-deportes-de-huesca\/","title":{"rendered":"Palacio Municipal de Deportes de Huesca."},"content":{"rendered":"\n<p>Mag\u00e9n Arquitectos  ha sido el ganador del concurso para la  Rehabilitaci\u00f3n integral del Palacio Municipal de Deportes de Huesca, obra de Enric Miralles y Carme Pin\u00f3s.<\/p>\n\n\n\n<figure class=\"wp-block-image size-large\"><img loading=\"lazy\" width=\"1024\" height=\"456\" src=\"https:\/\/magenarquitectos.com\/wp-content\/uploads\/2023\/11\/miralles_huesca2-1024x456.jpg\" alt=\"\" class=\"wp-image-17660\" srcset=\"https:\/\/magenarquitectos.com\/wp-content\/uploads\/2023\/11\/miralles_huesca2-1024x456.jpg 1024w, https:\/\/magenarquitectos.com\/wp-content\/uploads\/2023\/11\/miralles_huesca2-300x134.jpg 300w, https:\/\/magenarquitectos.com\/wp-content\/uploads\/2023\/11\/miralles_huesca2-768x342.jpg 768w, https:\/\/magenarquitectos.com\/wp-content\/uploads\/2023\/11\/miralles_huesca2.jpg 1240w\" sizes=\"(max-width: 1024px) 100vw, 1024px\" title=\"\"><\/figure>\n","protected":false},"excerpt":{"rendered":"<p>Mag\u00e9n Arquitectos ha sido el ganador del concurso para la Rehabilitaci\u00f3n integral del Palacio Municipal de Deportes de Huesca, obra de Enric Miralles y Carme Pin\u00f3s.<\/p>\n","protected":false},"author":1,"featured_media":0,"comment_status":"open","ping_status":"open","sticky":false,"template":"","format":"standard","meta":{"_monsterinsights_skip_tracking":false,"_monsterinsights_sitenote_active":false,"_monsterinsights_sitenote_note":"","_monsterinsights_sitenote_category":0},"categories":[202,75,78,65,67],"tags":[115,80,85,93,94,82,83,74],"_links":{"self":[{"href":"https:\/\/magenarquitectos.com\/en\/wp-json\/wp\/v2\/posts\/17617"}],"collection":[{"href":"https:\/\/magenarquitectos.com\/en\/wp-json\/wp\/v2\/posts"}],"about":[{"href":"https:\/\/magenarquitectos.com\/en\/wp-json\/wp\/v2\/types\/post"}],"author":[{"embeddable":true,"href":"https:\/\/magenarquitectos.com\/en\/wp-json\/wp\/v2\/users\/1"}],"replies":[{"embeddable":true,"href":"https:\/\/magenarquitectos.com\/en\/wp-json\/wp\/v2\/comments?post=17617"}],"version-history":[{"count":2,"href":"https:\/\/magenarquitectos.com\/en\/wp-json\/wp\/v2\/posts\/17617\/revisions"}],"predecessor-version":[{"id":17664,"href":"https:\/\/magenarquitectos.com\/en\/wp-json\/wp\/v2\/posts\/17617\/revisions\/17664"}],"wp:attachment":[{"href":"https:\/\/magenarquitectos.com\/en\/wp-json\/wp\/v2\/media?parent=17617"}],"wp:term":[{"taxonomy":"category","embeddable":true,"href":"https:\/\/magenarquitectos.com\/en\/wp-json\/wp\/v2\/categories?post=17617"},{"taxonomy":"post_tag","embeddable":true,"href":"https:\/\/magenarquitectos.com\/en\/wp-json\/wp\/v2\/tags?post=17617"}],"curies":[{"name":"wp","href":"https:\/\/api.w.org\/{rel}","templated":true}]}}