{"id":17626,"date":"2023-10-24T08:15:00","date_gmt":"2023-10-24T08:15:00","guid":{"rendered":"https:\/\/magenarquitectos.com\/?p=17626"},"modified":"2023-10-29T17:42:50","modified_gmt":"2023-10-29T17:42:50","slug":"la-ampliacion-y-reforma-de-la-facultad-de-filosofia-y-letras-finalista-de-los-premios-de-la-edificacion-aragonesa","status":"publish","type":"post","link":"https:\/\/magenarquitectos.com\/en\/la-ampliacion-y-reforma-de-la-facultad-de-filosofia-y-letras-finalista-de-los-premios-de-la-edificacion-aragonesa\/","title":{"rendered":"La Reforma y Ampliaci\u00f3n de la Facultad de Filosof\u00eda y Letras, Finalista de los Premios de la Edificaci\u00f3n Aragonesa"},"content":{"rendered":"\n<p>La Reforma y Ampliaci\u00f3n de la Facultad de Filosof\u00eda y Letras de la Universidad de Zaragoza es Finalista en dos categor\u00edas de los Premios de la Edificaci\u00f3n Aragonesa 2023: Mejor Iniciativa P\u00fablica y Mejor Actuaci\u00f3n de Rehabilitaci\u00f3n o Restauraci\u00f3n. <\/p>\n\n\n\n<p>Los premiados se dar\u00e1n a conocer en la III Gala Aragonesa de la Edificaci\u00f3n, organizada por el COAATZ, el pr\u00f3ximo viernes 27 de octubre, en el Palacio de Congresos de Zaragoza.<\/p>\n\n\n\n<figure class=\"wp-block-image size-large\"><img loading=\"lazy\" width=\"1024\" height=\"683\" src=\"https:\/\/magenarquitectos.com\/wp-content\/uploads\/2023\/10\/DSC1219-Mejorado-NR-lr-1024x683.jpg\" alt=\"\" class=\"wp-image-17644\" srcset=\"https:\/\/magenarquitectos.com\/wp-content\/uploads\/2023\/10\/DSC1219-Mejorado-NR-lr-1024x683.jpg 1024w, https:\/\/magenarquitectos.com\/wp-content\/uploads\/2023\/10\/DSC1219-Mejorado-NR-lr-300x200.jpg 300w, https:\/\/magenarquitectos.com\/wp-content\/uploads\/2023\/10\/DSC1219-Mejorado-NR-lr-768x512.jpg 768w, https:\/\/magenarquitectos.com\/wp-content\/uploads\/2023\/10\/DSC1219-Mejorado-NR-lr.jpg 1240w\" sizes=\"(max-width: 1024px) 100vw, 1024px\" title=\"\"><\/figure>\n\n\n\n<figure class=\"wp-block-image size-full\"><img loading=\"lazy\" width=\"1240\" height=\"1860\" src=\"https:\/\/magenarquitectos.com\/wp-content\/uploads\/2023\/10\/DSC0150-HDR-Editar.jpg\" alt=\"\" class=\"wp-image-17646\" srcset=\"https:\/\/magenarquitectos.com\/wp-content\/uploads\/2023\/10\/DSC0150-HDR-Editar.jpg 1240w, https:\/\/magenarquitectos.com\/wp-content\/uploads\/2023\/10\/DSC0150-HDR-Editar-200x300.jpg 200w, https:\/\/magenarquitectos.com\/wp-content\/uploads\/2023\/10\/DSC0150-HDR-Editar-683x1024.jpg 683w, https:\/\/magenarquitectos.com\/wp-content\/uploads\/2023\/10\/DSC0150-HDR-Editar-768x1152.jpg 768w, https:\/\/magenarquitectos.com\/wp-content\/uploads\/2023\/10\/DSC0150-HDR-Editar-1024x1536.jpg 1024w\" sizes=\"(max-width: 1240px) 100vw, 1240px\" title=\"\"><\/figure>\n","protected":false},"excerpt":{"rendered":"<p>La Reforma y Ampliaci\u00f3n de la Facultad de Filosof\u00eda y Letras de la Universidad de Zaragoza es Finalista en dos categor\u00edas de los Premios de la Edificaci\u00f3n Aragonesa 2023: Mejor Iniciativa P\u00fablica y Mejor Actuaci\u00f3n de Rehabilitaci\u00f3n o Restauraci\u00f3n. Los premiados se dar\u00e1n a conocer en la III Gala Aragonesa de la Edificaci\u00f3n, organizada por [&hellip;]<\/p>\n","protected":false},"author":1,"featured_media":0,"comment_status":"open","ping_status":"open","sticky":false,"template":"","format":"standard","meta":{"_monsterinsights_skip_tracking":false,"_monsterinsights_sitenote_active":false,"_monsterinsights_sitenote_note":"","_monsterinsights_sitenote_category":0},"categories":[195,65,139,113,92],"tags":[115,80,93,94,82,83,74],"_links":{"self":[{"href":"https:\/\/magenarquitectos.com\/en\/wp-json\/wp\/v2\/posts\/17626"}],"collection":[{"href":"https:\/\/magenarquitectos.com\/en\/wp-json\/wp\/v2\/posts"}],"about":[{"href":"https:\/\/magenarquitectos.com\/en\/wp-json\/wp\/v2\/types\/post"}],"author":[{"embeddable":true,"href":"https:\/\/magenarquitectos.com\/en\/wp-json\/wp\/v2\/users\/1"}],"replies":[{"embeddable":true,"href":"https:\/\/magenarquitectos.com\/en\/wp-json\/wp\/v2\/comments?post=17626"}],"version-history":[{"count":2,"href":"https:\/\/magenarquitectos.com\/en\/wp-json\/wp\/v2\/posts\/17626\/revisions"}],"predecessor-version":[{"id":17650,"href":"https:\/\/magenarquitectos.com\/en\/wp-json\/wp\/v2\/posts\/17626\/revisions\/17650"}],"wp:attachment":[{"href":"https:\/\/magenarquitectos.com\/en\/wp-json\/wp\/v2\/media?parent=17626"}],"wp:term":[{"taxonomy":"category","embeddable":true,"href":"https:\/\/magenarquitectos.com\/en\/wp-json\/wp\/v2\/categories?post=17626"},{"taxonomy":"post_tag","embeddable":true,"href":"https:\/\/magenarquitectos.com\/en\/wp-json\/wp\/v2\/tags?post=17626"}],"curies":[{"name":"wp","href":"https:\/\/api.w.org\/{rel}","templated":true}]}}