{"id":17651,"date":"2023-10-30T08:15:00","date_gmt":"2023-10-30T08:15:00","guid":{"rendered":"https:\/\/magenarquitectos.com\/?p=17651"},"modified":"2023-10-29T17:43:20","modified_gmt":"2023-10-29T17:43:20","slug":"la-reforma-y-ampliacion-de-la-facultad-de-filosofia-y-letras-mejor-iniciativa-publica-en-edificacion","status":"publish","type":"post","link":"https:\/\/magenarquitectos.com\/en\/la-reforma-y-ampliacion-de-la-facultad-de-filosofia-y-letras-mejor-iniciativa-publica-en-edificacion\/","title":{"rendered":"La Reforma y Ampliaci\u00f3n de la Facultad de Filosof\u00eda y Letras, Mejor Iniciativa P\u00fablica en Edificaci\u00f3n"},"content":{"rendered":"\n<p>La Reforma y Ampliaci\u00f3n de la Facultad de Filosof\u00eda y Letras de la Universidad de Zaragoza ha sido premiada como Mejor Iniciativa P\u00fablica en Edificaci\u00f3n en Arag\u00f3n, en los Premios de la Edificaci\u00f3n Aragonesa 2023. <\/p>\n\n\n\n<figure class=\"wp-block-image size-large\"><img loading=\"lazy\" width=\"1024\" height=\"551\" src=\"https:\/\/magenarquitectos.com\/wp-content\/uploads\/2023\/10\/filosofia_gala-1024x551.jpg\" alt=\"\" class=\"wp-image-17652\" srcset=\"https:\/\/magenarquitectos.com\/wp-content\/uploads\/2023\/10\/filosofia_gala-1024x551.jpg 1024w, https:\/\/magenarquitectos.com\/wp-content\/uploads\/2023\/10\/filosofia_gala-300x162.jpg 300w, https:\/\/magenarquitectos.com\/wp-content\/uploads\/2023\/10\/filosofia_gala-768x414.jpg 768w, https:\/\/magenarquitectos.com\/wp-content\/uploads\/2023\/10\/filosofia_gala.jpg 1181w\" sizes=\"(max-width: 1024px) 100vw, 1024px\" title=\"\"><\/figure>\n","protected":false},"excerpt":{"rendered":"<p>La Reforma y Ampliaci\u00f3n de la Facultad de Filosof\u00eda y Letras de la Universidad de Zaragoza ha sido premiada como Mejor Iniciativa P\u00fablica en Edificaci\u00f3n en Arag\u00f3n, en los Premios de la Edificaci\u00f3n Aragonesa 2023.<\/p>\n","protected":false},"author":1,"featured_media":0,"comment_status":"open","ping_status":"open","sticky":false,"template":"","format":"standard","meta":{"_monsterinsights_skip_tracking":false,"_monsterinsights_sitenote_active":false,"_monsterinsights_sitenote_note":"","_monsterinsights_sitenote_category":0},"categories":[195,76,65,139,113],"tags":[115,80,93,94,82,83,166,74],"_links":{"self":[{"href":"https:\/\/magenarquitectos.com\/en\/wp-json\/wp\/v2\/posts\/17651"}],"collection":[{"href":"https:\/\/magenarquitectos.com\/en\/wp-json\/wp\/v2\/posts"}],"about":[{"href":"https:\/\/magenarquitectos.com\/en\/wp-json\/wp\/v2\/types\/post"}],"author":[{"embeddable":true,"href":"https:\/\/magenarquitectos.com\/en\/wp-json\/wp\/v2\/users\/1"}],"replies":[{"embeddable":true,"href":"https:\/\/magenarquitectos.com\/en\/wp-json\/wp\/v2\/comments?post=17651"}],"version-history":[{"count":1,"href":"https:\/\/magenarquitectos.com\/en\/wp-json\/wp\/v2\/posts\/17651\/revisions"}],"predecessor-version":[{"id":17654,"href":"https:\/\/magenarquitectos.com\/en\/wp-json\/wp\/v2\/posts\/17651\/revisions\/17654"}],"wp:attachment":[{"href":"https:\/\/magenarquitectos.com\/en\/wp-json\/wp\/v2\/media?parent=17651"}],"wp:term":[{"taxonomy":"category","embeddable":true,"href":"https:\/\/magenarquitectos.com\/en\/wp-json\/wp\/v2\/categories?post=17651"},{"taxonomy":"post_tag","embeddable":true,"href":"https:\/\/magenarquitectos.com\/en\/wp-json\/wp\/v2\/tags?post=17651"}],"curies":[{"name":"wp","href":"https:\/\/api.w.org\/{rel}","templated":true}]}}