{"id":17667,"date":"2023-11-20T08:45:00","date_gmt":"2023-11-20T08:45:00","guid":{"rendered":"https:\/\/magenarquitectos.com\/?p=17667"},"modified":"2023-11-20T09:52:34","modified_gmt":"2023-11-20T09:52:34","slug":"el-ceip-maria-zambrano-finalista-en-los-xxii-premios-ceramica","status":"publish","type":"post","link":"https:\/\/magenarquitectos.com\/en\/el-ceip-maria-zambrano-finalista-en-los-xxii-premios-ceramica\/","title":{"rendered":"El CEIP Mar\u00eda Zambrano, Finalista en los XXII Premios Cer\u00e1mica"},"content":{"rendered":"\n<p>El Centro de Educaci\u00f3n Infantil Mar\u00eda Zambrano ha sido seleccionado como Finalista en los XXII Premios Cer\u00e1mica, organizados por ASCER.<\/p>\n\n\n\n<p>El jurado estaba formado por Carme Pin\u00f3s, Jesus Olivares, Inma Berm\u00fadez, Gracia Cardona y Susana Babiloni.<\/p>\n\n\n\n<figure class=\"wp-block-image size-large\"><img loading=\"lazy\" width=\"1024\" height=\"639\" src=\"https:\/\/magenarquitectos.com\/wp-content\/uploads\/2023\/11\/venecia_ascer-1024x639.jpg\" alt=\"\" class=\"wp-image-17668\" srcset=\"https:\/\/magenarquitectos.com\/wp-content\/uploads\/2023\/11\/venecia_ascer-1024x639.jpg 1024w, https:\/\/magenarquitectos.com\/wp-content\/uploads\/2023\/11\/venecia_ascer-300x187.jpg 300w, https:\/\/magenarquitectos.com\/wp-content\/uploads\/2023\/11\/venecia_ascer-768x479.jpg 768w, https:\/\/magenarquitectos.com\/wp-content\/uploads\/2023\/11\/venecia_ascer.jpg 1240w\" sizes=\"(max-width: 1024px) 100vw, 1024px\" title=\"\"><\/figure>\n","protected":false},"excerpt":{"rendered":"<p>El Centro de Educaci\u00f3n Infantil Mar\u00eda Zambrano ha sido seleccionado como Finalista en los XXII Premios Cer\u00e1mica, organizados por ASCER. El jurado estaba formado por Carme Pin\u00f3s, Jesus Olivares, Inma Berm\u00fadez, Gracia Cardona y Susana Babiloni.<\/p>\n","protected":false},"author":1,"featured_media":0,"comment_status":"open","ping_status":"open","sticky":false,"template":"","format":"standard","meta":{"_monsterinsights_skip_tracking":false,"_monsterinsights_sitenote_active":false,"_monsterinsights_sitenote_note":"","_monsterinsights_sitenote_category":0},"categories":[195,65,139,113],"tags":[115,134,80,140,141,74],"_links":{"self":[{"href":"https:\/\/magenarquitectos.com\/en\/wp-json\/wp\/v2\/posts\/17667"}],"collection":[{"href":"https:\/\/magenarquitectos.com\/en\/wp-json\/wp\/v2\/posts"}],"about":[{"href":"https:\/\/magenarquitectos.com\/en\/wp-json\/wp\/v2\/types\/post"}],"author":[{"embeddable":true,"href":"https:\/\/magenarquitectos.com\/en\/wp-json\/wp\/v2\/users\/1"}],"replies":[{"embeddable":true,"href":"https:\/\/magenarquitectos.com\/en\/wp-json\/wp\/v2\/comments?post=17667"}],"version-history":[{"count":2,"href":"https:\/\/magenarquitectos.com\/en\/wp-json\/wp\/v2\/posts\/17667\/revisions"}],"predecessor-version":[{"id":17743,"href":"https:\/\/magenarquitectos.com\/en\/wp-json\/wp\/v2\/posts\/17667\/revisions\/17743"}],"wp:attachment":[{"href":"https:\/\/magenarquitectos.com\/en\/wp-json\/wp\/v2\/media?parent=17667"}],"wp:term":[{"taxonomy":"category","embeddable":true,"href":"https:\/\/magenarquitectos.com\/en\/wp-json\/wp\/v2\/categories?post=17667"},{"taxonomy":"post_tag","embeddable":true,"href":"https:\/\/magenarquitectos.com\/en\/wp-json\/wp\/v2\/tags?post=17667"}],"curies":[{"name":"wp","href":"https:\/\/api.w.org\/{rel}","templated":true}]}}