{"id":17678,"date":"2023-11-27T08:45:00","date_gmt":"2023-11-27T08:45:00","guid":{"rendered":"https:\/\/magenarquitectos.com\/?p=17678"},"modified":"2023-11-26T18:03:32","modified_gmt":"2023-11-26T18:03:32","slug":"el-pabellon-social-en-el-estadio-miralbueno-el-olivar-ganador-de-los-premios-arquitectura-plus-2023","status":"publish","type":"post","link":"https:\/\/magenarquitectos.com\/en\/el-pabellon-social-en-el-estadio-miralbueno-el-olivar-ganador-de-los-premios-arquitectura-plus-2023\/","title":{"rendered":"El Pabell\u00f3n Social en el Estadio-Miralbueno El Olivar, Ganador de los Premios Arquitectura Plus 2023"},"content":{"rendered":"\n<p>El Pabell\u00f3n Social en el Estadio-Miralbueno El Olivar ha sido el Ganador de los Premios Arquitectura Plus 2023, convocados por el Grupo V\u00eda, en la categor\u00eda de mejor proyecto de Arquitectura Hotelera o Restauraci\u00f3n. <\/p>\n\n\n\n<figure class=\"wp-block-image size-large\"><img loading=\"lazy\" width=\"1024\" height=\"1019\" src=\"https:\/\/magenarquitectos.com\/wp-content\/uploads\/2023\/11\/aplus_olivar_1-1024x1019.jpg\" alt=\"\" class=\"wp-image-17679\" srcset=\"https:\/\/magenarquitectos.com\/wp-content\/uploads\/2023\/11\/aplus_olivar_1-1024x1019.jpg 1024w, https:\/\/magenarquitectos.com\/wp-content\/uploads\/2023\/11\/aplus_olivar_1-300x300.jpg 300w, https:\/\/magenarquitectos.com\/wp-content\/uploads\/2023\/11\/aplus_olivar_1-150x150.jpg 150w, https:\/\/magenarquitectos.com\/wp-content\/uploads\/2023\/11\/aplus_olivar_1-768x764.jpg 768w, https:\/\/magenarquitectos.com\/wp-content\/uploads\/2023\/11\/aplus_olivar_1.jpg 1240w\" sizes=\"(max-width: 1024px) 100vw, 1024px\" title=\"\"><\/figure>\n\n\n\n<figure class=\"wp-block-image size-large\"><img loading=\"lazy\" width=\"1024\" height=\"682\" src=\"https:\/\/magenarquitectos.com\/wp-content\/uploads\/2023\/11\/aplus_olivar_2-1024x682.jpg\" alt=\"\" class=\"wp-image-17681\" srcset=\"https:\/\/magenarquitectos.com\/wp-content\/uploads\/2023\/11\/aplus_olivar_2-1024x682.jpg 1024w, https:\/\/magenarquitectos.com\/wp-content\/uploads\/2023\/11\/aplus_olivar_2-300x200.jpg 300w, https:\/\/magenarquitectos.com\/wp-content\/uploads\/2023\/11\/aplus_olivar_2-768x512.jpg 768w, https:\/\/magenarquitectos.com\/wp-content\/uploads\/2023\/11\/aplus_olivar_2.jpg 1240w\" sizes=\"(max-width: 1024px) 100vw, 1024px\" title=\"\"><\/figure>\n","protected":false},"excerpt":{"rendered":"<p>El Pabell\u00f3n Social en el Estadio-Miralbueno El Olivar ha sido el Ganador de los Premios Arquitectura Plus 2023, convocados por el Grupo V\u00eda, en la categor\u00eda de mejor proyecto de Arquitectura Hotelera o Restauraci\u00f3n.<\/p>\n","protected":false},"author":1,"featured_media":0,"comment_status":"open","ping_status":"open","sticky":false,"template":"","format":"standard","meta":{"_monsterinsights_skip_tracking":false,"_monsterinsights_sitenote_active":false,"_monsterinsights_sitenote_note":"","_monsterinsights_sitenote_category":0},"categories":[65,195,113],"tags":[115,71,72,74],"_links":{"self":[{"href":"https:\/\/magenarquitectos.com\/en\/wp-json\/wp\/v2\/posts\/17678"}],"collection":[{"href":"https:\/\/magenarquitectos.com\/en\/wp-json\/wp\/v2\/posts"}],"about":[{"href":"https:\/\/magenarquitectos.com\/en\/wp-json\/wp\/v2\/types\/post"}],"author":[{"embeddable":true,"href":"https:\/\/magenarquitectos.com\/en\/wp-json\/wp\/v2\/users\/1"}],"replies":[{"embeddable":true,"href":"https:\/\/magenarquitectos.com\/en\/wp-json\/wp\/v2\/comments?post=17678"}],"version-history":[{"count":1,"href":"https:\/\/magenarquitectos.com\/en\/wp-json\/wp\/v2\/posts\/17678\/revisions"}],"predecessor-version":[{"id":17683,"href":"https:\/\/magenarquitectos.com\/en\/wp-json\/wp\/v2\/posts\/17678\/revisions\/17683"}],"wp:attachment":[{"href":"https:\/\/magenarquitectos.com\/en\/wp-json\/wp\/v2\/media?parent=17678"}],"wp:term":[{"taxonomy":"category","embeddable":true,"href":"https:\/\/magenarquitectos.com\/en\/wp-json\/wp\/v2\/categories?post=17678"},{"taxonomy":"post_tag","embeddable":true,"href":"https:\/\/magenarquitectos.com\/en\/wp-json\/wp\/v2\/tags?post=17678"}],"curies":[{"name":"wp","href":"https:\/\/api.w.org\/{rel}","templated":true}]}}