{"id":17690,"date":"2023-12-19T09:00:00","date_gmt":"2023-12-19T09:00:00","guid":{"rendered":"https:\/\/magenarquitectos.com\/?p=17690"},"modified":"2023-12-18T12:17:45","modified_gmt":"2023-12-18T12:17:45","slug":"la-facultad-de-filosofia-y-letras-en-objetivo-aragon-tv","status":"publish","type":"post","link":"https:\/\/magenarquitectos.com\/en\/la-facultad-de-filosofia-y-letras-en-objetivo-aragon-tv\/","title":{"rendered":"La Facultad de Filosof\u00eda y Letras, en Objetivo (Arag\u00f3n TV)"},"content":{"rendered":"\n<figure class=\"wp-block-image size-large\"><a href=\"https:\/\/alacarta.aragontelevision.es\/programas\/objetivo\/cap-625-16122023-1320\" rel=\"nofollow noopener\" target=\"_blank\"><img loading=\"lazy\" width=\"1024\" height=\"577\" src=\"https:\/\/magenarquitectos.com\/wp-content\/uploads\/2023\/12\/objetivo_filosofia-1024x577.jpg\" alt=\"\" class=\"wp-image-17691\" srcset=\"https:\/\/magenarquitectos.com\/wp-content\/uploads\/2023\/12\/objetivo_filosofia-1024x577.jpg 1024w, https:\/\/magenarquitectos.com\/wp-content\/uploads\/2023\/12\/objetivo_filosofia-300x169.jpg 300w, https:\/\/magenarquitectos.com\/wp-content\/uploads\/2023\/12\/objetivo_filosofia-768x432.jpg 768w, https:\/\/magenarquitectos.com\/wp-content\/uploads\/2023\/12\/objetivo_filosofia.jpg 1181w\" sizes=\"(max-width: 1024px) 100vw, 1024px\" title=\"\"><\/a><\/figure>\n\n\n\n<p>El programa Objetivo, de Arag\u00f3n Televisi\u00f3n, emiti\u00f3 un reportaje sobre la pr\u00f3xima apertura de la Reforma y Ampliaci\u00f3n de la Facultad de Filosof\u00eda y Letras de la Universidad de Zaragoza. <\/p>\n\n\n\n<p>+info: <a href=\"https:\/\/alacarta.aragontelevision.es\/programas\/objetivo\/cap-625-16122023-1320\" rel=\"nofollow noopener\" target=\"_blank\">Objetivo<\/a><\/p>\n","protected":false},"excerpt":{"rendered":"<p>El programa Objetivo, de Arag\u00f3n Televisi\u00f3n, emiti\u00f3 un reportaje sobre la pr\u00f3xima apertura de la Reforma y Ampliaci\u00f3n de la Facultad de Filosof\u00eda y Letras de la Universidad de Zaragoza. +info: Objetivo<\/p>\n","protected":false},"author":1,"featured_media":0,"comment_status":"open","ping_status":"open","sticky":false,"template":"","format":"standard","meta":{"_monsterinsights_skip_tracking":false,"_monsterinsights_sitenote_active":false,"_monsterinsights_sitenote_note":"","_monsterinsights_sitenote_category":0},"categories":[65,139,125,92],"tags":[115,80,140,93,94,82,83,166,74],"_links":{"self":[{"href":"https:\/\/magenarquitectos.com\/en\/wp-json\/wp\/v2\/posts\/17690"}],"collection":[{"href":"https:\/\/magenarquitectos.com\/en\/wp-json\/wp\/v2\/posts"}],"about":[{"href":"https:\/\/magenarquitectos.com\/en\/wp-json\/wp\/v2\/types\/post"}],"author":[{"embeddable":true,"href":"https:\/\/magenarquitectos.com\/en\/wp-json\/wp\/v2\/users\/1"}],"replies":[{"embeddable":true,"href":"https:\/\/magenarquitectos.com\/en\/wp-json\/wp\/v2\/comments?post=17690"}],"version-history":[{"count":2,"href":"https:\/\/magenarquitectos.com\/en\/wp-json\/wp\/v2\/posts\/17690\/revisions"}],"predecessor-version":[{"id":17694,"href":"https:\/\/magenarquitectos.com\/en\/wp-json\/wp\/v2\/posts\/17690\/revisions\/17694"}],"wp:attachment":[{"href":"https:\/\/magenarquitectos.com\/en\/wp-json\/wp\/v2\/media?parent=17690"}],"wp:term":[{"taxonomy":"category","embeddable":true,"href":"https:\/\/magenarquitectos.com\/en\/wp-json\/wp\/v2\/categories?post=17690"},{"taxonomy":"post_tag","embeddable":true,"href":"https:\/\/magenarquitectos.com\/en\/wp-json\/wp\/v2\/tags?post=17690"}],"curies":[{"name":"wp","href":"https:\/\/api.w.org\/{rel}","templated":true}]}}