{"id":17700,"date":"2024-01-03T08:05:00","date_gmt":"2024-01-03T08:05:00","guid":{"rendered":"https:\/\/magenarquitectos.com\/?p=17700"},"modified":"2024-01-03T10:30:42","modified_gmt":"2024-01-03T10:30:42","slug":"2023-resumen-grafico","status":"publish","type":"post","link":"https:\/\/magenarquitectos.com\/en\/2023-resumen-grafico\/","title":{"rendered":"2023. Resumen gr\u00e1fico"},"content":{"rendered":"\n<figure class=\"wp-block-image size-large\"><img loading=\"lazy\" width=\"1024\" height=\"921\" src=\"https:\/\/magenarquitectos.com\/wp-content\/uploads\/2024\/01\/2023_res-1024x921.jpg\" alt=\"\" class=\"wp-image-17715\" srcset=\"https:\/\/magenarquitectos.com\/wp-content\/uploads\/2024\/01\/2023_res-1024x921.jpg 1024w, https:\/\/magenarquitectos.com\/wp-content\/uploads\/2024\/01\/2023_res-300x270.jpg 300w, https:\/\/magenarquitectos.com\/wp-content\/uploads\/2024\/01\/2023_res-768x691.jpg 768w, https:\/\/magenarquitectos.com\/wp-content\/uploads\/2024\/01\/2023_res-1536x1381.jpg 1536w, https:\/\/magenarquitectos.com\/wp-content\/uploads\/2024\/01\/2023_res.jpg 1667w\" sizes=\"(max-width: 1024px) 100vw, 1024px\" title=\"\"><\/figure>\n\n\n\n<p><strong>(1)<\/strong>\u00a0El <a href=\"https:\/\/magenarquitectos.com\/proyectos\/c-e-i-p-parque-venecia\/\">Centro de Educaci\u00f3n Infantil Mar\u00eda Zambrano<\/a> en Zaragoza, Finalista de los Premios ASCER 2023 <a href=\"https:\/\/magenarquitectos.com\/el-ceip-maria-zambrano-finalista-en-los-xxii-premios-ceramica\/\">[ir]<\/a> \/ <a href=\"https:\/\/magenarquitectos.com\/en\/projects\/school-complex-parque-venecia\/\">Kindergarten Maria Zambrano<\/a> in Zaragoza awarded as Finalist in 2023 ASCER Awards. <a href=\"https:\/\/magenarquitectos.com\/el-ceip-maria-zambrano-finalista-en-los-xxii-premios-ceramica\/\">[go]<\/a><\/p>\n\n\n\n<p><strong>(2)<\/strong>\u00a0El <a href=\"https:\/\/magenarquitectos.com\/proyectos\/pabellon-bar-restaurante-estadio-miralbueno-el-olivar\/\">Pabell\u00f3n de hosteler\u00eda del CDM El Olivar<\/a>, <a href=\"https:\/\/magenarquitectos.com\/el-pabellon-social-en-el-estadio-miralbueno-el-olivar-seleccionado-en-la-xvi-bienal-espanola-de-arquitectura-y-urbanismo\/\">Seleccionado en la XVI Bienal Espa\u00f1ola de Arquitectura y Urbanismo<\/a> y <a href=\"https:\/\/magenarquitectos.com\/el-pabellon-social-en-el-estadio-miralbueno-el-olivar-ganador-de-los-premios-arquitectura-plus-2023\/\">Premio Arquitectura Plus 2023 al Mejor Proyecto de Arquitectura Hotelera o de Restauraci\u00f3n  <\/a>\/ <a href=\"https:\/\/magenarquitectos.com\/en\/projects\/el-olivar-clubhouse-pavillion\/\">Hostelry pavilion in CDM El Olivar<\/a>, <a href=\"https:\/\/magenarquitectos.com\/el-pabellon-social-en-el-estadio-miralbueno-el-olivar-seleccionado-en-la-xvi-bienal-espanola-de-arquitectura-y-urbanismo\/\">Selected in XVI Spanish Biennial of Architecture and Urbanism<\/a> and <a href=\"https:\/\/magenarquitectos.com\/el-pabellon-social-en-el-estadio-miralbueno-el-olivar-ganador-de-los-premios-arquitectura-plus-2023\/\">A+ 2023 Award to the Best Retail Project <\/a><\/p>\n\n\n\n<p><strong>(3)<\/strong>\u00a0<a href=\"https:\/\/magenarquitectos.com\/capsula-scalae-teatro-auditorio-de-illueca\/\">C\u00e1psula SCALAE<\/a> del <a href=\"http:\/\/magenarquitectos.com\/auditorio-de-illueca\/\">Teatro-Auditorio de Illueca<\/a>, Seleccionado en los <a href=\"https:\/\/magenarquitectos.com\/el-teatro-auditorio-de-illueca-seleccionado-en-los-ix-premios-de-arquitectura-enor\/\">Premios ENOR 2023<\/a> <a href=\"https:\/\/magenarquitectos.com\/capsula-scalae-teatro-auditorio-de-illueca\/\">[ir]<\/a> \/<a href=\"https:\/\/magenarquitectos.com\/capsula-scalae-teatro-auditorio-de-illueca\/\"> SCALAE lecture<\/a> <a href=\"http:\/\/english.magenarquitectos.com\/illueca-auditorium\/\">Theatre-Auditorium in Illueca<\/a>, Selected in <a href=\"https:\/\/magenarquitectos.com\/el-teatro-auditorio-de-illueca-seleccionado-en-los-ix-premios-de-arquitectura-enor\/\">2023 ENOR Awards<\/a> <a href=\"https:\/\/magenarquitectos.com\/capsula-scalae-teatro-auditorio-de-illueca\/\">[go]<\/a><\/p>\n\n\n\n<p><strong>(4)<\/strong>\u00a0El <a href=\"https:\/\/magenarquitectos.com\/proyectos\/c-e-i-p-parque-venecia\/\">Centro de Educaci\u00f3n Infantil Mar\u00eda Zambrano<\/a> en Zaragoza, en el Anuario 2023 de Arquitectura Viva <a href=\"https:\/\/magenarquitectos.com\/el-ceip-maria-zambrano-en-el-anuario-espana-2023-de-arquitectura-viva\/\">[ir]<\/a> \/ <a href=\"https:\/\/magenarquitectos.com\/en\/projects\/school-complex-parque-venecia\/\">Kindergarten Maria Zambrano<\/a> in Zaragoza published in AV2023 Spain Yearbook. <a href=\"https:\/\/magenarquitectos.com\/el-ceip-maria-zambrano-en-el-anuario-espana-2023-de-arquitectura-viva\/\">[go]<\/a><\/p>\n\n\n\n<p><strong>(5)<\/strong>\u00a0Finalizadas las obras de <a href=\"https:\/\/magenarquitectos.com\/proyectos\/facultad-de-filosofia-y-letras-universidad-de-zaragoza\/\">Reforma y Ampliaci\u00f3n de la Facultad de Filosof\u00eda y Letras de la Universidad de Zaragoza<\/a>, premiada como Mejor Iniciativa P\u00fablica en Arag\u00f3n en los Premios de la Edificaci\u00f3n Aragonesa 2023 <a href=\"https:\/\/magenarquitectos.com\/la-reforma-y-ampliacion-de-la-facultad-de-filosofia-y-letras-mejor-iniciativa-publica-en-edificacion\/\">[ir]<\/a> \/ Finished works of <a href=\"https:\/\/magenarquitectos.com\/en\/projects\/facultad-de-filosofia-y-letras-universidad-de-zaragoza\/\">Renovation and Extension of Philosophy Faculty. University of Zaragoza<\/a>, awarded as Best Public Work in Aragon in 2023 Awards of Aragonese Buildings <a href=\"https:\/\/magenarquitectos.com\/la-reforma-y-ampliacion-de-la-facultad-de-filosofia-y-letras-mejor-iniciativa-publica-en-edificacion\/\">[go]<\/a> <\/p>\n\n\n\n<p><strong>(6)<\/strong>\u00a0Finalizadas las obras de la<a href=\"https:\/\/magenarquitectos.com\/finalizadas-las-obras-de-la-escuela-primaria-y-pabellon-polideportivo-en-spandau-berlin\/\"> Escuela Primaria y Pabell\u00f3n Polideportivo en Spandau, Berl\u00edn<\/a> (con SulitzeMu\u00f1oz Arquitectos) \/ Finished works of <a href=\"https:\/\/magenarquitectos.com\/finalizadas-las-obras-de-la-escuela-primaria-y-pabellon-polideportivo-en-spandau-berlin\/\">Primary School and Sports Hall in Spandau, Berlin<\/a> (together with SulitzeMu\u00f1oz arquitectos)<\/p>\n\n\n\n<p><strong>(7)<\/strong> Mag\u00e9n Arquitectos, con COR ASOC, gana el concurso de un<a href=\"https:\/\/magenarquitectos.com\/proyectos\/nou-ies-finestrat\/\"> Instituto en Finestrat<\/a> <a href=\"https:\/\/magenarquitectos.com\/cor-asoc-y-magen-arquitectos-disenaran-un-instituto-en-finestrat\/\">[ir]<\/a>\/ Magen Arquitectos, togetgher with COR ASOC, wins the competition for <a href=\"https:\/\/magenarquitectos.com\/en\/projects\/finestrat-high-school\/\">Finestrat High School<\/a> <a href=\"https:\/\/magenarquitectos.com\/cor-asoc-y-magen-arquitectos-disenaran-un-instituto-en-finestrat\/\">[go]<\/a><\/p>\n\n\n\n<p><strong>(8)<\/strong> MLN, con Mag\u00e9n Arquitectos en el equipo t\u00e9cnico, llevar\u00e1 a cabo la Rehabilitaci\u00f3n del edificio Pignatelli, sede del Gobierno de Arag\u00f3n\u00a0<a href=\"https:\/\/magenarquitectos.com\/rehabilitacion-energetica-y-funcional-del-edificio-pignatelli\/\">[ir]<\/a> \/ MLN, and a team leaded by Magen Arquitectos, will develop the renovation of Pignatelli building, headquarters of Government of Aragon <a href=\"https:\/\/magenarquitectos.com\/rehabilitacion-energetica-y-funcional-del-edificio-pignatelli\/\">[go]<\/a><\/p>\n\n\n\n<p><strong>(9)<\/strong>\u00a0Mag\u00e9n Arquitectos gana el concurso para la Rehabilitaci\u00f3n del Palacio Municipal de Deportes de Huesca, obra de Miralles+Pin\u00f3s <a href=\"https:\/\/magenarquitectos.com\/palacio-municipal-de-deportes-de-huesca\/\">[ir]<\/a> \/ Magen Arquitectos wins the competition for the renovation of Municipal Sports Hall in Huesca, by Miralles+Pin\u00f3s <a href=\"https:\/\/magenarquitectos.com\/palacio-municipal-de-deportes-de-huesca\/\">[go]<\/a><\/p>\n\n\n\n<p><\/p>\n\n\n\n<p><\/p>\n","protected":false},"excerpt":{"rendered":"<p>(1)\u00a0El Centro de Educaci\u00f3n Infantil Mar\u00eda Zambrano en Zaragoza, Finalista de los Premios ASCER 2023 [ir] \/ Kindergarten Maria Zambrano in Zaragoza awarded as Finalist in 2023 ASCER Awards. [go] (2)\u00a0El Pabell\u00f3n de hosteler\u00eda del CDM El Olivar, Seleccionado en la XVI Bienal Espa\u00f1ola de Arquitectura y Urbanismo y Premio Arquitectura Plus 2023 al Mejor [&hellip;]<\/p>\n","protected":false},"author":1,"featured_media":0,"comment_status":"open","ping_status":"open","sticky":false,"template":"","format":"standard","meta":{"_monsterinsights_skip_tracking":false,"_monsterinsights_sitenote_active":false,"_monsterinsights_sitenote_note":"","_monsterinsights_sitenote_category":0},"categories":[195,258,202,75,196,76,15,212,213,77,78,97,65,66,67,139,217,113,90,194,92,131,117],"tags":[114,115,62,229,126,79,80,141,70,82,83,166,74],"_links":{"self":[{"href":"https:\/\/magenarquitectos.com\/en\/wp-json\/wp\/v2\/posts\/17700"}],"collection":[{"href":"https:\/\/magenarquitectos.com\/en\/wp-json\/wp\/v2\/posts"}],"about":[{"href":"https:\/\/magenarquitectos.com\/en\/wp-json\/wp\/v2\/types\/post"}],"author":[{"embeddable":true,"href":"https:\/\/magenarquitectos.com\/en\/wp-json\/wp\/v2\/users\/1"}],"replies":[{"embeddable":true,"href":"https:\/\/magenarquitectos.com\/en\/wp-json\/wp\/v2\/comments?post=17700"}],"version-history":[{"count":5,"href":"https:\/\/magenarquitectos.com\/en\/wp-json\/wp\/v2\/posts\/17700\/revisions"}],"predecessor-version":[{"id":17718,"href":"https:\/\/magenarquitectos.com\/en\/wp-json\/wp\/v2\/posts\/17700\/revisions\/17718"}],"wp:attachment":[{"href":"https:\/\/magenarquitectos.com\/en\/wp-json\/wp\/v2\/media?parent=17700"}],"wp:term":[{"taxonomy":"category","embeddable":true,"href":"https:\/\/magenarquitectos.com\/en\/wp-json\/wp\/v2\/categories?post=17700"},{"taxonomy":"post_tag","embeddable":true,"href":"https:\/\/magenarquitectos.com\/en\/wp-json\/wp\/v2\/tags?post=17700"}],"curies":[{"name":"wp","href":"https:\/\/api.w.org\/{rel}","templated":true}]}}