{"id":17711,"date":"2024-01-16T09:00:00","date_gmt":"2024-01-16T09:00:00","guid":{"rendered":"https:\/\/magenarquitectos.com\/?p=17711"},"modified":"2024-01-04T16:32:55","modified_gmt":"2024-01-04T16:32:55","slug":"la-escuela-primaria-de-spandau-publicado-en-promateriales","status":"publish","type":"post","link":"https:\/\/magenarquitectos.com\/en\/la-escuela-primaria-de-spandau-publicado-en-promateriales\/","title":{"rendered":"La Escuela Primaria de Spandau, publicado en Promateriales"},"content":{"rendered":"\n<p>La revista Promateriales publica un art\u00edculo sobre la Escuela Primaria y Polideportivo de Spandau (Berl\u00edn), obra de Mag\u00e9n Arquitectos y SulitzeMu\u00f1oz Arquitectos.<\/p>\n\n\n\n<p>Architectural magazine Promateriales&nbsp; features the Primary School and Sports Pavilion in Spandau (Berlin), by Magen Arquitectos and SulitzeMu\u00f1oz Arquitectos.<\/p>\n\n\n\n<figure class=\"wp-block-image size-full\"><img loading=\"lazy\" width=\"652\" height=\"923\" src=\"https:\/\/magenarquitectos.com\/wp-content\/uploads\/2024\/01\/spandau_promateriales.jpg\" alt=\"\" class=\"wp-image-17712\" srcset=\"https:\/\/magenarquitectos.com\/wp-content\/uploads\/2024\/01\/spandau_promateriales.jpg 652w, https:\/\/magenarquitectos.com\/wp-content\/uploads\/2024\/01\/spandau_promateriales-212x300.jpg 212w\" sizes=\"(max-width: 652px) 100vw, 652px\" title=\"\"><\/figure>\n","protected":false},"excerpt":{"rendered":"<p>La revista Promateriales publica un art\u00edculo sobre la Escuela Primaria y Polideportivo de Spandau (Berl\u00edn), obra de Mag\u00e9n Arquitectos y SulitzeMu\u00f1oz Arquitectos. Architectural magazine Promateriales&nbsp; features the Primary School and Sports Pavilion in Spandau (Berlin), by Magen Arquitectos and SulitzeMu\u00f1oz Arquitectos.<\/p>\n","protected":false},"author":1,"featured_media":0,"comment_status":"open","ping_status":"open","sticky":false,"template":"","format":"standard","meta":{"_monsterinsights_skip_tracking":false,"_monsterinsights_sitenote_active":false,"_monsterinsights_sitenote_note":"","_monsterinsights_sitenote_category":0},"categories":[65,139,125,90,194],"tags":[114,115,229,134,80,140,176,74],"_links":{"self":[{"href":"https:\/\/magenarquitectos.com\/en\/wp-json\/wp\/v2\/posts\/17711"}],"collection":[{"href":"https:\/\/magenarquitectos.com\/en\/wp-json\/wp\/v2\/posts"}],"about":[{"href":"https:\/\/magenarquitectos.com\/en\/wp-json\/wp\/v2\/types\/post"}],"author":[{"embeddable":true,"href":"https:\/\/magenarquitectos.com\/en\/wp-json\/wp\/v2\/users\/1"}],"replies":[{"embeddable":true,"href":"https:\/\/magenarquitectos.com\/en\/wp-json\/wp\/v2\/comments?post=17711"}],"version-history":[{"count":2,"href":"https:\/\/magenarquitectos.com\/en\/wp-json\/wp\/v2\/posts\/17711\/revisions"}],"predecessor-version":[{"id":17720,"href":"https:\/\/magenarquitectos.com\/en\/wp-json\/wp\/v2\/posts\/17711\/revisions\/17720"}],"wp:attachment":[{"href":"https:\/\/magenarquitectos.com\/en\/wp-json\/wp\/v2\/media?parent=17711"}],"wp:term":[{"taxonomy":"category","embeddable":true,"href":"https:\/\/magenarquitectos.com\/en\/wp-json\/wp\/v2\/categories?post=17711"},{"taxonomy":"post_tag","embeddable":true,"href":"https:\/\/magenarquitectos.com\/en\/wp-json\/wp\/v2\/tags?post=17711"}],"curies":[{"name":"wp","href":"https:\/\/api.w.org\/{rel}","templated":true}]}}