{"id":17719,"date":"2024-01-09T09:00:00","date_gmt":"2024-01-09T09:00:00","guid":{"rendered":"https:\/\/magenarquitectos.com\/?p=17719"},"modified":"2024-01-04T16:35:25","modified_gmt":"2024-01-04T16:35:25","slug":"berlin","status":"publish","type":"post","link":"https:\/\/magenarquitectos.com\/en\/berlin\/","title":{"rendered":"Berl\u00edn"},"content":{"rendered":"\n<figure class=\"wp-block-image size-large\"><img loading=\"lazy\" width=\"1024\" height=\"595\" src=\"https:\/\/magenarquitectos.com\/wp-content\/uploads\/2024\/01\/berlin_spandau-1024x595.jpg\" alt=\"\" class=\"wp-image-17721\" srcset=\"https:\/\/magenarquitectos.com\/wp-content\/uploads\/2024\/01\/berlin_spandau-1024x595.jpg 1024w, https:\/\/magenarquitectos.com\/wp-content\/uploads\/2024\/01\/berlin_spandau-300x174.jpg 300w, https:\/\/magenarquitectos.com\/wp-content\/uploads\/2024\/01\/berlin_spandau-768x446.jpg 768w, https:\/\/magenarquitectos.com\/wp-content\/uploads\/2024\/01\/berlin_spandau.jpg 1240w\" sizes=\"(max-width: 1024px) 100vw, 1024px\" title=\"\"><\/figure>\n\n\n\n<p>Escuela Primaria y Pabell\u00f3n Polideportivo en Spandau, Berl\u00edn. (con SulitzeMu\u00f1oz Arquitectos)<\/p>\n","protected":false},"excerpt":{"rendered":"<p>Escuela Primaria y Pabell\u00f3n Polideportivo en Spandau, Berl\u00edn. (con SulitzeMu\u00f1oz Arquitectos)<\/p>\n","protected":false},"author":1,"featured_media":0,"comment_status":"open","ping_status":"open","sticky":false,"template":"","format":"standard","meta":{"_monsterinsights_skip_tracking":false,"_monsterinsights_sitenote_active":false,"_monsterinsights_sitenote_note":"","_monsterinsights_sitenote_category":0},"categories":[65,139,125],"tags":[114,115,229,134,80,176,74],"_links":{"self":[{"href":"https:\/\/magenarquitectos.com\/en\/wp-json\/wp\/v2\/posts\/17719"}],"collection":[{"href":"https:\/\/magenarquitectos.com\/en\/wp-json\/wp\/v2\/posts"}],"about":[{"href":"https:\/\/magenarquitectos.com\/en\/wp-json\/wp\/v2\/types\/post"}],"author":[{"embeddable":true,"href":"https:\/\/magenarquitectos.com\/en\/wp-json\/wp\/v2\/users\/1"}],"replies":[{"embeddable":true,"href":"https:\/\/magenarquitectos.com\/en\/wp-json\/wp\/v2\/comments?post=17719"}],"version-history":[{"count":1,"href":"https:\/\/magenarquitectos.com\/en\/wp-json\/wp\/v2\/posts\/17719\/revisions"}],"predecessor-version":[{"id":17723,"href":"https:\/\/magenarquitectos.com\/en\/wp-json\/wp\/v2\/posts\/17719\/revisions\/17723"}],"wp:attachment":[{"href":"https:\/\/magenarquitectos.com\/en\/wp-json\/wp\/v2\/media?parent=17719"}],"wp:term":[{"taxonomy":"category","embeddable":true,"href":"https:\/\/magenarquitectos.com\/en\/wp-json\/wp\/v2\/categories?post=17719"},{"taxonomy":"post_tag","embeddable":true,"href":"https:\/\/magenarquitectos.com\/en\/wp-json\/wp\/v2\/tags?post=17719"}],"curies":[{"name":"wp","href":"https:\/\/api.w.org\/{rel}","templated":true}]}}