{"id":17725,"date":"2024-01-22T12:38:09","date_gmt":"2024-01-22T12:38:09","guid":{"rendered":"https:\/\/magenarquitectos.com\/?p=17725"},"modified":"2024-01-22T12:38:12","modified_gmt":"2024-01-22T12:38:12","slug":"comienzan-las-clases-en-la-facultad-de-filosofia-y-letras","status":"publish","type":"post","link":"https:\/\/magenarquitectos.com\/en\/comienzan-las-clases-en-la-facultad-de-filosofia-y-letras\/","title":{"rendered":"Comienzan las clases en la Facultad de Filosof\u00eda y Letras"},"content":{"rendered":"\n<p>Hoy han comenzado las clases en la Facultad de Filosof\u00eda y Letras de la Universidad de Zaragoza, rehabilitada y ampliada seg\u00fan proyecto de Mag\u00e9n Arquitectos e Ingenier\u00eda Torn\u00e9.<\/p>\n\n\n\n<p>+info: <a href=\"https:\/\/www.elperiodicodearagon.com\/aragon\/2024\/01\/22\/vuelven-clases-facultad-filosofia-letras-97199016.html\" rel=\"nofollow noopener\" target=\"_blank\">El Peri\u00f3dico de Arag\u00f3n<\/a><\/p>\n\n\n\n<p>fotos: Andreea Vornicu, El Peri\u00f3dico de Arag\u00f3n<\/p>\n\n\n\n<figure class=\"wp-block-image size-large\"><img loading=\"lazy\" width=\"1024\" height=\"595\" src=\"https:\/\/magenarquitectos.com\/wp-content\/uploads\/2024\/01\/filoclases2-1024x595.jpg\" alt=\"\" class=\"wp-image-17728\" srcset=\"https:\/\/magenarquitectos.com\/wp-content\/uploads\/2024\/01\/filoclases2-1024x595.jpg 1024w, https:\/\/magenarquitectos.com\/wp-content\/uploads\/2024\/01\/filoclases2-300x174.jpg 300w, https:\/\/magenarquitectos.com\/wp-content\/uploads\/2024\/01\/filoclases2-768x446.jpg 768w, https:\/\/magenarquitectos.com\/wp-content\/uploads\/2024\/01\/filoclases2.jpg 1289w\" sizes=\"(max-width: 1024px) 100vw, 1024px\" title=\"\"><\/figure>\n\n\n\n<figure class=\"wp-block-image size-large\"><img loading=\"lazy\" width=\"1024\" height=\"674\" src=\"https:\/\/magenarquitectos.com\/wp-content\/uploads\/2024\/01\/filoclases1-1024x674.jpg\" alt=\"\" class=\"wp-image-17726\" srcset=\"https:\/\/magenarquitectos.com\/wp-content\/uploads\/2024\/01\/filoclases1-1024x674.jpg 1024w, https:\/\/magenarquitectos.com\/wp-content\/uploads\/2024\/01\/filoclases1-300x197.jpg 300w, https:\/\/magenarquitectos.com\/wp-content\/uploads\/2024\/01\/filoclases1-768x505.jpg 768w, https:\/\/magenarquitectos.com\/wp-content\/uploads\/2024\/01\/filoclases1.jpg 1301w\" sizes=\"(max-width: 1024px) 100vw, 1024px\" title=\"\"><\/figure>\n","protected":false},"excerpt":{"rendered":"<p>Hoy han comenzado las clases en la Facultad de Filosof\u00eda y Letras de la Universidad de Zaragoza, rehabilitada y ampliada seg\u00fan proyecto de Mag\u00e9n Arquitectos e Ingenier\u00eda Torn\u00e9. +info: El Peri\u00f3dico de Arag\u00f3n fotos: Andreea Vornicu, El Peri\u00f3dico de Arag\u00f3n<\/p>\n","protected":false},"author":1,"featured_media":0,"comment_status":"open","ping_status":"open","sticky":false,"template":"","format":"standard","meta":{"_monsterinsights_skip_tracking":false,"_monsterinsights_sitenote_active":false,"_monsterinsights_sitenote_note":"","_monsterinsights_sitenote_category":0},"categories":[65,78,139,125,92],"tags":[115,80,140,93,94,82,83,166,74],"_links":{"self":[{"href":"https:\/\/magenarquitectos.com\/en\/wp-json\/wp\/v2\/posts\/17725"}],"collection":[{"href":"https:\/\/magenarquitectos.com\/en\/wp-json\/wp\/v2\/posts"}],"about":[{"href":"https:\/\/magenarquitectos.com\/en\/wp-json\/wp\/v2\/types\/post"}],"author":[{"embeddable":true,"href":"https:\/\/magenarquitectos.com\/en\/wp-json\/wp\/v2\/users\/1"}],"replies":[{"embeddable":true,"href":"https:\/\/magenarquitectos.com\/en\/wp-json\/wp\/v2\/comments?post=17725"}],"version-history":[{"count":1,"href":"https:\/\/magenarquitectos.com\/en\/wp-json\/wp\/v2\/posts\/17725\/revisions"}],"predecessor-version":[{"id":17730,"href":"https:\/\/magenarquitectos.com\/en\/wp-json\/wp\/v2\/posts\/17725\/revisions\/17730"}],"wp:attachment":[{"href":"https:\/\/magenarquitectos.com\/en\/wp-json\/wp\/v2\/media?parent=17725"}],"wp:term":[{"taxonomy":"category","embeddable":true,"href":"https:\/\/magenarquitectos.com\/en\/wp-json\/wp\/v2\/categories?post=17725"},{"taxonomy":"post_tag","embeddable":true,"href":"https:\/\/magenarquitectos.com\/en\/wp-json\/wp\/v2\/tags?post=17725"}],"curies":[{"name":"wp","href":"https:\/\/api.w.org\/{rel}","templated":true}]}}