{"id":17737,"date":"2024-03-06T09:00:00","date_gmt":"2024-03-06T09:00:00","guid":{"rendered":"https:\/\/magenarquitectos.com\/?p=17737"},"modified":"2024-03-01T13:10:40","modified_gmt":"2024-03-01T13:10:40","slug":"viviendas-en-calahorra","status":"publish","type":"post","link":"https:\/\/magenarquitectos.com\/en\/viviendas-en-calahorra\/","title":{"rendered":"Viviendas en Calahorra"},"content":{"rendered":"\n<p>Mag\u00e9n Arquitectos dise\u00f1ar\u00e1 8 viviendas energ\u00e9ticamente eficientes para alquiler social, promovidas por el Instituto de la Vivienda de La Rioja (IRVI) en la plaza de la Verdura en Calahorra.<\/p>\n\n\n\n<figure class=\"wp-block-image size-large\"><img loading=\"lazy\" width=\"1024\" height=\"811\" src=\"https:\/\/magenarquitectos.com\/wp-content\/uploads\/2024\/02\/calahorra_viv-1024x811.jpg\" alt=\"\" class=\"wp-image-17738\" srcset=\"https:\/\/magenarquitectos.com\/wp-content\/uploads\/2024\/02\/calahorra_viv-1024x811.jpg 1024w, https:\/\/magenarquitectos.com\/wp-content\/uploads\/2024\/02\/calahorra_viv-300x238.jpg 300w, https:\/\/magenarquitectos.com\/wp-content\/uploads\/2024\/02\/calahorra_viv-768x608.jpg 768w, https:\/\/magenarquitectos.com\/wp-content\/uploads\/2024\/02\/calahorra_viv.jpg 1181w\" sizes=\"(max-width: 1024px) 100vw, 1024px\" title=\"\"><\/figure>\n","protected":false},"excerpt":{"rendered":"<p>Mag\u00e9n Arquitectos dise\u00f1ar\u00e1 8 viviendas energ\u00e9ticamente eficientes para alquiler social, promovidas por el Instituto de la Vivienda de La Rioja (IRVI) en la plaza de la Verdura en Calahorra.<\/p>\n","protected":false},"author":1,"featured_media":0,"comment_status":"open","ping_status":"open","sticky":false,"template":"","format":"standard","meta":{"_monsterinsights_skip_tracking":false,"_monsterinsights_sitenote_active":false,"_monsterinsights_sitenote_note":"","_monsterinsights_sitenote_category":0},"categories":[75,202,78,95],"tags":[115,233,82,83,96,74],"_links":{"self":[{"href":"https:\/\/magenarquitectos.com\/en\/wp-json\/wp\/v2\/posts\/17737"}],"collection":[{"href":"https:\/\/magenarquitectos.com\/en\/wp-json\/wp\/v2\/posts"}],"about":[{"href":"https:\/\/magenarquitectos.com\/en\/wp-json\/wp\/v2\/types\/post"}],"author":[{"embeddable":true,"href":"https:\/\/magenarquitectos.com\/en\/wp-json\/wp\/v2\/users\/1"}],"replies":[{"embeddable":true,"href":"https:\/\/magenarquitectos.com\/en\/wp-json\/wp\/v2\/comments?post=17737"}],"version-history":[{"count":1,"href":"https:\/\/magenarquitectos.com\/en\/wp-json\/wp\/v2\/posts\/17737\/revisions"}],"predecessor-version":[{"id":17740,"href":"https:\/\/magenarquitectos.com\/en\/wp-json\/wp\/v2\/posts\/17737\/revisions\/17740"}],"wp:attachment":[{"href":"https:\/\/magenarquitectos.com\/en\/wp-json\/wp\/v2\/media?parent=17737"}],"wp:term":[{"taxonomy":"category","embeddable":true,"href":"https:\/\/magenarquitectos.com\/en\/wp-json\/wp\/v2\/categories?post=17737"},{"taxonomy":"post_tag","embeddable":true,"href":"https:\/\/magenarquitectos.com\/en\/wp-json\/wp\/v2\/tags?post=17737"}],"curies":[{"name":"wp","href":"https:\/\/api.w.org\/{rel}","templated":true}]}}