{"id":17755,"date":"2024-03-19T09:00:00","date_gmt":"2024-03-19T09:00:00","guid":{"rendered":"https:\/\/magenarquitectos.com\/?p=17755"},"modified":"2024-03-20T12:51:57","modified_gmt":"2024-03-20T12:51:57","slug":"la-facultad-de-filosofia-y-letras-seleccionada-en-el-xvii-premio-de-arquitectura-de-ladrillo","status":"publish","type":"post","link":"https:\/\/magenarquitectos.com\/en\/la-facultad-de-filosofia-y-letras-seleccionada-en-el-xvii-premio-de-arquitectura-de-ladrillo\/","title":{"rendered":"La Facultad de Filosof\u00eda y Letras, seleccionada en el XVII Premio de Arquitectura de Ladrillo"},"content":{"rendered":"\n<p>La Rehabilitaci\u00f3n y Ampliaci\u00f3n de la Facultad de Filosof\u00eda y Letras de la Universidad de Zaragoza ha sido Seleccionada en el panorama de obras finalistas del XVI Premio de Arquitectura de Ladrillo y Teja 2021-23, convocado por Hispalyt. <\/p>\n\n\n\n<figure class=\"wp-block-image size-large\"><img loading=\"lazy\" width=\"1024\" height=\"637\" src=\"https:\/\/magenarquitectos.com\/wp-content\/uploads\/2024\/03\/filosofia_hispalyt-1024x637.jpg\" alt=\"\" class=\"wp-image-17763\" srcset=\"https:\/\/magenarquitectos.com\/wp-content\/uploads\/2024\/03\/filosofia_hispalyt-1024x637.jpg 1024w, https:\/\/magenarquitectos.com\/wp-content\/uploads\/2024\/03\/filosofia_hispalyt-300x187.jpg 300w, https:\/\/magenarquitectos.com\/wp-content\/uploads\/2024\/03\/filosofia_hispalyt-768x478.jpg 768w, https:\/\/magenarquitectos.com\/wp-content\/uploads\/2024\/03\/filosofia_hispalyt.jpg 1240w\" sizes=\"(max-width: 1024px) 100vw, 1024px\" title=\"\"><\/figure>\n","protected":false},"excerpt":{"rendered":"<p>La Rehabilitaci\u00f3n y Ampliaci\u00f3n de la Facultad de Filosof\u00eda y Letras de la Universidad de Zaragoza ha sido Seleccionada en el panorama de obras finalistas del XVI Premio de Arquitectura de Ladrillo y Teja 2021-23, convocado por Hispalyt.<\/p>\n","protected":false},"author":1,"featured_media":0,"comment_status":"open","ping_status":"open","sticky":false,"template":"","format":"standard","meta":{"_monsterinsights_skip_tracking":false,"_monsterinsights_sitenote_active":false,"_monsterinsights_sitenote_note":"","_monsterinsights_sitenote_category":0},"categories":[195,78,65,139,113,92],"tags":[115,80,140,93,94,82,83,166,74],"_links":{"self":[{"href":"https:\/\/magenarquitectos.com\/en\/wp-json\/wp\/v2\/posts\/17755"}],"collection":[{"href":"https:\/\/magenarquitectos.com\/en\/wp-json\/wp\/v2\/posts"}],"about":[{"href":"https:\/\/magenarquitectos.com\/en\/wp-json\/wp\/v2\/types\/post"}],"author":[{"embeddable":true,"href":"https:\/\/magenarquitectos.com\/en\/wp-json\/wp\/v2\/users\/1"}],"replies":[{"embeddable":true,"href":"https:\/\/magenarquitectos.com\/en\/wp-json\/wp\/v2\/comments?post=17755"}],"version-history":[{"count":2,"href":"https:\/\/magenarquitectos.com\/en\/wp-json\/wp\/v2\/posts\/17755\/revisions"}],"predecessor-version":[{"id":17765,"href":"https:\/\/magenarquitectos.com\/en\/wp-json\/wp\/v2\/posts\/17755\/revisions\/17765"}],"wp:attachment":[{"href":"https:\/\/magenarquitectos.com\/en\/wp-json\/wp\/v2\/media?parent=17755"}],"wp:term":[{"taxonomy":"category","embeddable":true,"href":"https:\/\/magenarquitectos.com\/en\/wp-json\/wp\/v2\/categories?post=17755"},{"taxonomy":"post_tag","embeddable":true,"href":"https:\/\/magenarquitectos.com\/en\/wp-json\/wp\/v2\/tags?post=17755"}],"curies":[{"name":"wp","href":"https:\/\/api.w.org\/{rel}","templated":true}]}}