{"id":17759,"date":"2024-04-02T08:00:00","date_gmt":"2024-04-02T08:00:00","guid":{"rendered":"https:\/\/magenarquitectos.com\/?p=17759"},"modified":"2024-04-02T08:09:02","modified_gmt":"2024-04-02T08:09:02","slug":"la-facultad-de-filosofia-y-letras-de-la-universidad-de-zaragoza-seleccionada-en-la-xi-bienal-international-de-arquitectura-barbara-cappochin","status":"publish","type":"post","link":"https:\/\/magenarquitectos.com\/en\/la-facultad-de-filosofia-y-letras-de-la-universidad-de-zaragoza-seleccionada-en-la-xi-bienal-international-de-arquitectura-barbara-cappochin\/","title":{"rendered":"La Facultad de Filosof\u00eda y Letras de la Universidad de Zaragoza, Seleccionada en la XI Bienal International de Arquitectura Barbara Cappochin"},"content":{"rendered":"\n<p>La Rehabilitaci\u00f3n y Ampliaci\u00f3n de la Facultud de Filosof\u00eda y Letras de la Universidad de Zaragoza ha sido seleccionada entre las 40 mejoras obras internacionales en la XI Bienal Internacional de Arquitectura Barbara Cappochin.<\/p>\n\n\n\n<p>Renovation and Extension of the Philosophy Faculty of University of Zaragoza, selected among the 40 Best International Works of the 11th Barbara Cappochin Biennial of Architecture.<\/p>\n\n\n\n<figure class=\"wp-block-image size-large\"><img loading=\"lazy\" width=\"1024\" height=\"1024\" src=\"https:\/\/magenarquitectos.com\/wp-content\/uploads\/2024\/03\/filosofia_cappochin-1-1024x1024.jpg\" alt=\"\" class=\"wp-image-17760\" srcset=\"https:\/\/magenarquitectos.com\/wp-content\/uploads\/2024\/03\/filosofia_cappochin-1-1024x1024.jpg 1024w, https:\/\/magenarquitectos.com\/wp-content\/uploads\/2024\/03\/filosofia_cappochin-1-300x300.jpg 300w, https:\/\/magenarquitectos.com\/wp-content\/uploads\/2024\/03\/filosofia_cappochin-1-150x150.jpg 150w, https:\/\/magenarquitectos.com\/wp-content\/uploads\/2024\/03\/filosofia_cappochin-1-768x768.jpg 768w, https:\/\/magenarquitectos.com\/wp-content\/uploads\/2024\/03\/filosofia_cappochin-1-1536x1536.jpg 1536w, https:\/\/magenarquitectos.com\/wp-content\/uploads\/2024\/03\/filosofia_cappochin-1-2048x2048.jpg 2048w\" sizes=\"(max-width: 1024px) 100vw, 1024px\" title=\"\"><\/figure>\n","protected":false},"excerpt":{"rendered":"<p>La Rehabilitaci\u00f3n y Ampliaci\u00f3n de la Facultud de Filosof\u00eda y Letras de la Universidad de Zaragoza ha sido seleccionada entre las 40 mejoras obras internacionales en la XI Bienal Internacional de Arquitectura Barbara Cappochin. Renovation and Extension of the Philosophy Faculty of University of Zaragoza, selected among the 40 Best International Works of the 11th [&hellip;]<\/p>\n","protected":false},"author":1,"featured_media":0,"comment_status":"open","ping_status":"open","sticky":false,"template":"","format":"standard","meta":{"_monsterinsights_skip_tracking":false,"_monsterinsights_sitenote_active":false,"_monsterinsights_sitenote_note":"","_monsterinsights_sitenote_category":0},"categories":[195,76,78,65,139,113,92],"tags":[115,134,80,140,93,94,82,83,166,74],"_links":{"self":[{"href":"https:\/\/magenarquitectos.com\/en\/wp-json\/wp\/v2\/posts\/17759"}],"collection":[{"href":"https:\/\/magenarquitectos.com\/en\/wp-json\/wp\/v2\/posts"}],"about":[{"href":"https:\/\/magenarquitectos.com\/en\/wp-json\/wp\/v2\/types\/post"}],"author":[{"embeddable":true,"href":"https:\/\/magenarquitectos.com\/en\/wp-json\/wp\/v2\/users\/1"}],"replies":[{"embeddable":true,"href":"https:\/\/magenarquitectos.com\/en\/wp-json\/wp\/v2\/comments?post=17759"}],"version-history":[{"count":1,"href":"https:\/\/magenarquitectos.com\/en\/wp-json\/wp\/v2\/posts\/17759\/revisions"}],"predecessor-version":[{"id":17762,"href":"https:\/\/magenarquitectos.com\/en\/wp-json\/wp\/v2\/posts\/17759\/revisions\/17762"}],"wp:attachment":[{"href":"https:\/\/magenarquitectos.com\/en\/wp-json\/wp\/v2\/media?parent=17759"}],"wp:term":[{"taxonomy":"category","embeddable":true,"href":"https:\/\/magenarquitectos.com\/en\/wp-json\/wp\/v2\/categories?post=17759"},{"taxonomy":"post_tag","embeddable":true,"href":"https:\/\/magenarquitectos.com\/en\/wp-json\/wp\/v2\/tags?post=17759"}],"curies":[{"name":"wp","href":"https:\/\/api.w.org\/{rel}","templated":true}]}}