{"id":17784,"date":"2024-04-17T07:30:00","date_gmt":"2024-04-17T07:30:00","guid":{"rendered":"https:\/\/magenarquitectos.com\/?p=17784"},"modified":"2024-04-17T08:07:37","modified_gmt":"2024-04-17T08:07:37","slug":"premio-3-de-abril-de-arquitectura-y-urbanismo-para-la-facultad-de-filosofia-y-letras","status":"publish","type":"post","link":"https:\/\/magenarquitectos.com\/en\/premio-3-de-abril-de-arquitectura-y-urbanismo-para-la-facultad-de-filosofia-y-letras\/","title":{"rendered":"Premio 3 de Abril de Arquitectura y Urbanismo para la Facultad de Filosof\u00eda y Letras"},"content":{"rendered":"\n<p>En el acto celebrado ayer en el Sal\u00f3n de Recepciones del Ayuntamiento de Zaragoza, La Rehabilitaci\u00f3n y Ampliaci\u00f3n de la Facultad de Filosof\u00eda y Letras de la Universidad de Zaragoza obtuvo el Premio de Arquitectura y Urbanismo de la XX&nbsp;edici\u00f3n de los Premios 3 de Abril. <\/p>\n\n\n\n<p>Renovation and Extension of Philosophy Faculty of University of Zaragoza, by Mag\u00e9n Arquitectos, First Prize in  &#8220;3 de Abril&#8221; XX Awards in Category Urbanism and Architecture. <\/p>\n\n\n\n<figure class=\"wp-block-image size-large\"><img loading=\"lazy\" width=\"1024\" height=\"562\" src=\"https:\/\/magenarquitectos.com\/wp-content\/uploads\/2024\/04\/filosofia_3abril_ayto-1024x562.jpg\" alt=\"\" class=\"wp-image-17785\" srcset=\"https:\/\/magenarquitectos.com\/wp-content\/uploads\/2024\/04\/filosofia_3abril_ayto-1024x562.jpg 1024w, https:\/\/magenarquitectos.com\/wp-content\/uploads\/2024\/04\/filosofia_3abril_ayto-300x165.jpg 300w, https:\/\/magenarquitectos.com\/wp-content\/uploads\/2024\/04\/filosofia_3abril_ayto-768x422.jpg 768w, https:\/\/magenarquitectos.com\/wp-content\/uploads\/2024\/04\/filosofia_3abril_ayto.jpg 1240w\" sizes=\"(max-width: 1024px) 100vw, 1024px\" title=\"\"><\/figure>\n","protected":false},"excerpt":{"rendered":"<p>En el acto celebrado ayer en el Sal\u00f3n de Recepciones del Ayuntamiento de Zaragoza, La Rehabilitaci\u00f3n y Ampliaci\u00f3n de la Facultad de Filosof\u00eda y Letras de la Universidad de Zaragoza obtuvo el Premio de Arquitectura y Urbanismo de la XX&nbsp;edici\u00f3n de los Premios 3 de Abril. Renovation and Extension of Philosophy Faculty of University of [&hellip;]<\/p>\n","protected":false},"author":1,"featured_media":0,"comment_status":"open","ping_status":"open","sticky":false,"template":"","format":"standard","meta":{"_monsterinsights_skip_tracking":false,"_monsterinsights_sitenote_active":false,"_monsterinsights_sitenote_note":"","_monsterinsights_sitenote_category":0},"categories":[195,76,65,139,113,92],"tags":[115,134,80,140,93,94,82,83,166,74],"_links":{"self":[{"href":"https:\/\/magenarquitectos.com\/en\/wp-json\/wp\/v2\/posts\/17784"}],"collection":[{"href":"https:\/\/magenarquitectos.com\/en\/wp-json\/wp\/v2\/posts"}],"about":[{"href":"https:\/\/magenarquitectos.com\/en\/wp-json\/wp\/v2\/types\/post"}],"author":[{"embeddable":true,"href":"https:\/\/magenarquitectos.com\/en\/wp-json\/wp\/v2\/users\/1"}],"replies":[{"embeddable":true,"href":"https:\/\/magenarquitectos.com\/en\/wp-json\/wp\/v2\/comments?post=17784"}],"version-history":[{"count":2,"href":"https:\/\/magenarquitectos.com\/en\/wp-json\/wp\/v2\/posts\/17784\/revisions"}],"predecessor-version":[{"id":17791,"href":"https:\/\/magenarquitectos.com\/en\/wp-json\/wp\/v2\/posts\/17784\/revisions\/17791"}],"wp:attachment":[{"href":"https:\/\/magenarquitectos.com\/en\/wp-json\/wp\/v2\/media?parent=17784"}],"wp:term":[{"taxonomy":"category","embeddable":true,"href":"https:\/\/magenarquitectos.com\/en\/wp-json\/wp\/v2\/categories?post=17784"},{"taxonomy":"post_tag","embeddable":true,"href":"https:\/\/magenarquitectos.com\/en\/wp-json\/wp\/v2\/tags?post=17784"}],"curies":[{"name":"wp","href":"https:\/\/api.w.org\/{rel}","templated":true}]}}