{"id":17792,"date":"2024-04-24T08:00:00","date_gmt":"2024-04-24T08:00:00","guid":{"rendered":"https:\/\/magenarquitectos.com\/?p=17792"},"modified":"2024-04-19T19:28:01","modified_gmt":"2024-04-19T19:28:01","slug":"la-facultad-de-filosofia-y-letras-seleccionada-en-los-premios-nacionales-de-arquitectura-del-cscae","status":"publish","type":"post","link":"https:\/\/magenarquitectos.com\/en\/la-facultad-de-filosofia-y-letras-seleccionada-en-los-premios-nacionales-de-arquitectura-del-cscae\/","title":{"rendered":"La Facultad de Filosof\u00eda y Letras, Seleccionada en los Premios Nacionales de Arquitectura del CSCAE"},"content":{"rendered":"\n<p>La Ampliaci\u00f3n y Rehabilitaci\u00f3n de la Facultad de Filosof\u00eda y Letras de la Universidad de Zaragoza ha sido Seleccionada en la primera fase de los Premios Nacionales de Arquitectura 2024 organizados por el Consejo Superior de Colegios de Arquitectos de Espa\u00f1a. <\/p>\n\n\n\n<figure class=\"wp-block-image size-large\"><img loading=\"lazy\" width=\"1024\" height=\"1024\" src=\"https:\/\/magenarquitectos.com\/wp-content\/uploads\/2024\/04\/filosofia_cscae-1024x1024.jpg\" alt=\"\" class=\"wp-image-17793\" srcset=\"https:\/\/magenarquitectos.com\/wp-content\/uploads\/2024\/04\/filosofia_cscae-1024x1024.jpg 1024w, https:\/\/magenarquitectos.com\/wp-content\/uploads\/2024\/04\/filosofia_cscae-300x300.jpg 300w, https:\/\/magenarquitectos.com\/wp-content\/uploads\/2024\/04\/filosofia_cscae-150x150.jpg 150w, https:\/\/magenarquitectos.com\/wp-content\/uploads\/2024\/04\/filosofia_cscae-768x768.jpg 768w, https:\/\/magenarquitectos.com\/wp-content\/uploads\/2024\/04\/filosofia_cscae-1536x1536.jpg 1536w, https:\/\/magenarquitectos.com\/wp-content\/uploads\/2024\/04\/filosofia_cscae.jpg 2000w\" sizes=\"(max-width: 1024px) 100vw, 1024px\" title=\"\"><\/figure>\n","protected":false},"excerpt":{"rendered":"<p>La Ampliaci\u00f3n y Rehabilitaci\u00f3n de la Facultad de Filosof\u00eda y Letras de la Universidad de Zaragoza ha sido Seleccionada en la primera fase de los Premios Nacionales de Arquitectura 2024 organizados por el Consejo Superior de Colegios de Arquitectos de Espa\u00f1a.<\/p>\n","protected":false},"author":1,"featured_media":0,"comment_status":"open","ping_status":"open","sticky":false,"template":"","format":"standard","meta":{"_monsterinsights_skip_tracking":false,"_monsterinsights_sitenote_active":false,"_monsterinsights_sitenote_note":"","_monsterinsights_sitenote_category":0},"categories":[195,76,78,65,139,113],"tags":[115,80,140,93,94,82,83,166,74],"_links":{"self":[{"href":"https:\/\/magenarquitectos.com\/en\/wp-json\/wp\/v2\/posts\/17792"}],"collection":[{"href":"https:\/\/magenarquitectos.com\/en\/wp-json\/wp\/v2\/posts"}],"about":[{"href":"https:\/\/magenarquitectos.com\/en\/wp-json\/wp\/v2\/types\/post"}],"author":[{"embeddable":true,"href":"https:\/\/magenarquitectos.com\/en\/wp-json\/wp\/v2\/users\/1"}],"replies":[{"embeddable":true,"href":"https:\/\/magenarquitectos.com\/en\/wp-json\/wp\/v2\/comments?post=17792"}],"version-history":[{"count":1,"href":"https:\/\/magenarquitectos.com\/en\/wp-json\/wp\/v2\/posts\/17792\/revisions"}],"predecessor-version":[{"id":17795,"href":"https:\/\/magenarquitectos.com\/en\/wp-json\/wp\/v2\/posts\/17792\/revisions\/17795"}],"wp:attachment":[{"href":"https:\/\/magenarquitectos.com\/en\/wp-json\/wp\/v2\/media?parent=17792"}],"wp:term":[{"taxonomy":"category","embeddable":true,"href":"https:\/\/magenarquitectos.com\/en\/wp-json\/wp\/v2\/categories?post=17792"},{"taxonomy":"post_tag","embeddable":true,"href":"https:\/\/magenarquitectos.com\/en\/wp-json\/wp\/v2\/tags?post=17792"}],"curies":[{"name":"wp","href":"https:\/\/api.w.org\/{rel}","templated":true}]}}