{"id":17796,"date":"2024-04-18T09:04:20","date_gmt":"2024-04-18T09:04:20","guid":{"rendered":"https:\/\/magenarquitectos.com\/?p=17796"},"modified":"2024-04-18T09:04:35","modified_gmt":"2024-04-18T09:04:35","slug":"entrevista-en-no-llegues-tarde-aragon-radio","status":"publish","type":"post","link":"https:\/\/magenarquitectos.com\/en\/entrevista-en-no-llegues-tarde-aragon-radio\/","title":{"rendered":"Entrevista en No llegues tarde. Arag\u00f3n Radio."},"content":{"rendered":"\n<p>Entrevista a Jaime Mag\u00e9n en el programa No llegues tardes, de Arag\u00f3n Radio, sobre la Facultad de Filosof\u00eda y Letras de la Universidad de Zaragoza, Seleccionada como uno de las 40 mejores obras en la XI Bienal Internacional de Arquitectura Barbara Cappochin.<\/p>\n\n\n\n<p><a href=\"https:\/\/www.cartv.es\/aragonradio\/podcast\/emision\/no-llegues-tarde-de-18h-a-19h-17-04-2024\" rel=\"nofollow noopener\" target=\"_blank\">Link <\/a> (De 18 a 19h, minuto 03:00 en adelante)<\/p>\n\n\n\n<figure class=\"wp-block-image size-full\"><a href=\"https:\/\/www.cartv.es\/aragonradio\/podcast\/emision\/no-llegues-tarde-de-18h-a-19h-17-04-2024\" rel=\"nofollow noopener\" target=\"_blank\"><img loading=\"lazy\" width=\"500\" height=\"500\" src=\"https:\/\/magenarquitectos.com\/wp-content\/uploads\/2024\/04\/filosofia_tarde.jpg\" alt=\"\" class=\"wp-image-17797\" srcset=\"https:\/\/magenarquitectos.com\/wp-content\/uploads\/2024\/04\/filosofia_tarde.jpg 500w, https:\/\/magenarquitectos.com\/wp-content\/uploads\/2024\/04\/filosofia_tarde-300x300.jpg 300w, https:\/\/magenarquitectos.com\/wp-content\/uploads\/2024\/04\/filosofia_tarde-150x150.jpg 150w\" sizes=\"(max-width: 500px) 100vw, 500px\" title=\"\"><\/a><\/figure>\n","protected":false},"excerpt":{"rendered":"<p>Entrevista a Jaime Mag\u00e9n en el programa No llegues tardes, de Arag\u00f3n Radio, sobre la Facultad de Filosof\u00eda y Letras de la Universidad de Zaragoza, Seleccionada como uno de las 40 mejores obras en la XI Bienal Internacional de Arquitectura Barbara Cappochin. Link (De 18 a 19h, minuto 03:00 en adelante)<\/p>\n","protected":false},"author":1,"featured_media":0,"comment_status":"open","ping_status":"open","sticky":false,"template":"","format":"standard","meta":{"_monsterinsights_skip_tracking":false,"_monsterinsights_sitenote_active":false,"_monsterinsights_sitenote_note":"","_monsterinsights_sitenote_category":0},"categories":[90,194,146],"tags":[115,80,140,177,93,94,82,83,166,74],"_links":{"self":[{"href":"https:\/\/magenarquitectos.com\/en\/wp-json\/wp\/v2\/posts\/17796"}],"collection":[{"href":"https:\/\/magenarquitectos.com\/en\/wp-json\/wp\/v2\/posts"}],"about":[{"href":"https:\/\/magenarquitectos.com\/en\/wp-json\/wp\/v2\/types\/post"}],"author":[{"embeddable":true,"href":"https:\/\/magenarquitectos.com\/en\/wp-json\/wp\/v2\/users\/1"}],"replies":[{"embeddable":true,"href":"https:\/\/magenarquitectos.com\/en\/wp-json\/wp\/v2\/comments?post=17796"}],"version-history":[{"count":2,"href":"https:\/\/magenarquitectos.com\/en\/wp-json\/wp\/v2\/posts\/17796\/revisions"}],"predecessor-version":[{"id":17800,"href":"https:\/\/magenarquitectos.com\/en\/wp-json\/wp\/v2\/posts\/17796\/revisions\/17800"}],"wp:attachment":[{"href":"https:\/\/magenarquitectos.com\/en\/wp-json\/wp\/v2\/media?parent=17796"}],"wp:term":[{"taxonomy":"category","embeddable":true,"href":"https:\/\/magenarquitectos.com\/en\/wp-json\/wp\/v2\/categories?post=17796"},{"taxonomy":"post_tag","embeddable":true,"href":"https:\/\/magenarquitectos.com\/en\/wp-json\/wp\/v2\/tags?post=17796"}],"curies":[{"name":"wp","href":"https:\/\/api.w.org\/{rel}","templated":true}]}}