{"id":17802,"date":"2024-04-29T07:30:00","date_gmt":"2024-04-29T07:30:00","guid":{"rendered":"https:\/\/magenarquitectos.com\/?p=17802"},"modified":"2024-04-29T08:01:28","modified_gmt":"2024-04-29T08:01:28","slug":"la-facultad-de-filosofia-y-letras-seleccionada-en-los-premios-fad","status":"publish","type":"post","link":"https:\/\/magenarquitectos.com\/en\/la-facultad-de-filosofia-y-letras-seleccionada-en-los-premios-fad\/","title":{"rendered":"La Facultad de Filosof\u00eda y Letras, Seleccionada en los Premios FAD"},"content":{"rendered":"\n<p>La Ampliaci\u00f3n y Rehabilitaci\u00f3n de la Facultad de Filosof\u00eda y Letras de la Universidad de Zaragoza es una de las obras Seleccionadas en los Premios FAD 2024. Entre ellas, las finalistas se anunciar\u00e1n en Mayo. <\/p>\n\n\n<div class=\"wp-block-image\">\n<figure class=\"aligncenter size-large\"><img loading=\"lazy\" width=\"576\" height=\"1024\" src=\"https:\/\/magenarquitectos.com\/wp-content\/uploads\/2024\/04\/filosofia_fad-576x1024.jpg\" alt=\"\" class=\"wp-image-17803\" srcset=\"https:\/\/magenarquitectos.com\/wp-content\/uploads\/2024\/04\/filosofia_fad-576x1024.jpg 576w, https:\/\/magenarquitectos.com\/wp-content\/uploads\/2024\/04\/filosofia_fad-169x300.jpg 169w, https:\/\/magenarquitectos.com\/wp-content\/uploads\/2024\/04\/filosofia_fad-768x1365.jpg 768w, https:\/\/magenarquitectos.com\/wp-content\/uploads\/2024\/04\/filosofia_fad-864x1536.jpg 864w, https:\/\/magenarquitectos.com\/wp-content\/uploads\/2024\/04\/filosofia_fad.jpg 1080w\" sizes=\"(max-width: 576px) 100vw, 576px\" title=\"\"><\/figure><\/div>","protected":false},"excerpt":{"rendered":"<p>La Ampliaci\u00f3n y Rehabilitaci\u00f3n de la Facultad de Filosof\u00eda y Letras de la Universidad de Zaragoza es una de las obras Seleccionadas en los Premios FAD 2024. Entre ellas, las finalistas se anunciar\u00e1n en Mayo.<\/p>\n","protected":false},"author":1,"featured_media":0,"comment_status":"open","ping_status":"open","sticky":false,"template":"","format":"standard","meta":{"_monsterinsights_skip_tracking":false,"_monsterinsights_sitenote_active":false,"_monsterinsights_sitenote_note":"","_monsterinsights_sitenote_category":0},"categories":[195,76,78,65,139,113],"tags":[115,80,140,93,94,82,83,166,74],"_links":{"self":[{"href":"https:\/\/magenarquitectos.com\/en\/wp-json\/wp\/v2\/posts\/17802"}],"collection":[{"href":"https:\/\/magenarquitectos.com\/en\/wp-json\/wp\/v2\/posts"}],"about":[{"href":"https:\/\/magenarquitectos.com\/en\/wp-json\/wp\/v2\/types\/post"}],"author":[{"embeddable":true,"href":"https:\/\/magenarquitectos.com\/en\/wp-json\/wp\/v2\/users\/1"}],"replies":[{"embeddable":true,"href":"https:\/\/magenarquitectos.com\/en\/wp-json\/wp\/v2\/comments?post=17802"}],"version-history":[{"count":2,"href":"https:\/\/magenarquitectos.com\/en\/wp-json\/wp\/v2\/posts\/17802\/revisions"}],"predecessor-version":[{"id":17806,"href":"https:\/\/magenarquitectos.com\/en\/wp-json\/wp\/v2\/posts\/17802\/revisions\/17806"}],"wp:attachment":[{"href":"https:\/\/magenarquitectos.com\/en\/wp-json\/wp\/v2\/media?parent=17802"}],"wp:term":[{"taxonomy":"category","embeddable":true,"href":"https:\/\/magenarquitectos.com\/en\/wp-json\/wp\/v2\/categories?post=17802"},{"taxonomy":"post_tag","embeddable":true,"href":"https:\/\/magenarquitectos.com\/en\/wp-json\/wp\/v2\/tags?post=17802"}],"curies":[{"name":"wp","href":"https:\/\/api.w.org\/{rel}","templated":true}]}}