{"id":17817,"date":"2024-05-21T08:14:10","date_gmt":"2024-05-21T08:14:10","guid":{"rendered":"https:\/\/magenarquitectos.com\/?p=17817"},"modified":"2024-05-21T08:14:46","modified_gmt":"2024-05-21T08:14:46","slug":"hdo-royo-villanova","status":"publish","type":"post","link":"https:\/\/magenarquitectos.com\/en\/hdo-royo-villanova\/","title":{"rendered":"HDO Royo Villanova"},"content":{"rendered":"\n<p>Mag\u00e9n Arquitectos dise\u00f1ar\u00e1 la reforma del Hospital de D\u00eda Onco-Hematol\u00f3gico en el Hospital Royo Villanova de Zaragoza. <\/p>\n\n\n\n<figure class=\"wp-block-image size-large\"><img loading=\"lazy\" width=\"1024\" height=\"768\" src=\"https:\/\/magenarquitectos.com\/wp-content\/uploads\/2024\/05\/royo_hdo-1024x768.jpg\" alt=\"\" class=\"wp-image-17818\" srcset=\"https:\/\/magenarquitectos.com\/wp-content\/uploads\/2024\/05\/royo_hdo-1024x768.jpg 1024w, https:\/\/magenarquitectos.com\/wp-content\/uploads\/2024\/05\/royo_hdo-300x225.jpg 300w, https:\/\/magenarquitectos.com\/wp-content\/uploads\/2024\/05\/royo_hdo-768x576.jpg 768w, https:\/\/magenarquitectos.com\/wp-content\/uploads\/2024\/05\/royo_hdo.jpg 1240w\" sizes=\"(max-width: 1024px) 100vw, 1024px\" title=\"\"><\/figure>\n","protected":false},"excerpt":{"rendered":"<p>Mag\u00e9n Arquitectos dise\u00f1ar\u00e1 la reforma del Hospital de D\u00eda Onco-Hematol\u00f3gico en el Hospital Royo Villanova de Zaragoza.<\/p>\n","protected":false},"author":1,"featured_media":0,"comment_status":"open","ping_status":"open","sticky":false,"template":"","format":"standard","meta":{"_monsterinsights_skip_tracking":false,"_monsterinsights_sitenote_active":false,"_monsterinsights_sitenote_note":"","_monsterinsights_sitenote_category":0},"categories":[75,202,65,223,92],"tags":[115,93,94,224,74],"_links":{"self":[{"href":"https:\/\/magenarquitectos.com\/en\/wp-json\/wp\/v2\/posts\/17817"}],"collection":[{"href":"https:\/\/magenarquitectos.com\/en\/wp-json\/wp\/v2\/posts"}],"about":[{"href":"https:\/\/magenarquitectos.com\/en\/wp-json\/wp\/v2\/types\/post"}],"author":[{"embeddable":true,"href":"https:\/\/magenarquitectos.com\/en\/wp-json\/wp\/v2\/users\/1"}],"replies":[{"embeddable":true,"href":"https:\/\/magenarquitectos.com\/en\/wp-json\/wp\/v2\/comments?post=17817"}],"version-history":[{"count":1,"href":"https:\/\/magenarquitectos.com\/en\/wp-json\/wp\/v2\/posts\/17817\/revisions"}],"predecessor-version":[{"id":17820,"href":"https:\/\/magenarquitectos.com\/en\/wp-json\/wp\/v2\/posts\/17817\/revisions\/17820"}],"wp:attachment":[{"href":"https:\/\/magenarquitectos.com\/en\/wp-json\/wp\/v2\/media?parent=17817"}],"wp:term":[{"taxonomy":"category","embeddable":true,"href":"https:\/\/magenarquitectos.com\/en\/wp-json\/wp\/v2\/categories?post=17817"},{"taxonomy":"post_tag","embeddable":true,"href":"https:\/\/magenarquitectos.com\/en\/wp-json\/wp\/v2\/tags?post=17817"}],"curies":[{"name":"wp","href":"https:\/\/api.w.org\/{rel}","templated":true}]}}