{"id":17822,"date":"2024-06-06T08:34:30","date_gmt":"2024-06-06T08:34:30","guid":{"rendered":"https:\/\/magenarquitectos.com\/?p=17822"},"modified":"2024-06-06T08:34:31","modified_gmt":"2024-06-06T08:34:31","slug":"sede-de-la-comarca-del-bajo-martin","status":"publish","type":"post","link":"https:\/\/magenarquitectos.com\/en\/sede-de-la-comarca-del-bajo-martin\/","title":{"rendered":"Sede de la Comarca del Bajo Mart\u00edn"},"content":{"rendered":"\n<p>Terminadas las obras de acondicionamiento del Sal\u00f3n de Usos M\u00faltiples de la Sede de la Comarca del Bajo Mart\u00edn, en H\u00edjar (Teruel)<\/p>\n\n\n\n<figure class=\"wp-block-image size-large\"><img loading=\"lazy\" width=\"1024\" height=\"768\" src=\"https:\/\/magenarquitectos.com\/wp-content\/uploads\/2024\/06\/hijar_salonactos-1024x768.jpg\" alt=\"\" class=\"wp-image-17823\" srcset=\"https:\/\/magenarquitectos.com\/wp-content\/uploads\/2024\/06\/hijar_salonactos-1024x768.jpg 1024w, https:\/\/magenarquitectos.com\/wp-content\/uploads\/2024\/06\/hijar_salonactos-300x225.jpg 300w, https:\/\/magenarquitectos.com\/wp-content\/uploads\/2024\/06\/hijar_salonactos-768x576.jpg 768w, https:\/\/magenarquitectos.com\/wp-content\/uploads\/2024\/06\/hijar_salonactos.jpg 1240w\" sizes=\"(max-width: 1024px) 100vw, 1024px\" title=\"\"><\/figure>\n","protected":false},"excerpt":{"rendered":"<p>Terminadas las obras de acondicionamiento del Sal\u00f3n de Usos M\u00faltiples de la Sede de la Comarca del Bajo Mart\u00edn, en H\u00edjar (Teruel)<\/p>\n","protected":false},"author":1,"featured_media":0,"comment_status":"open","ping_status":"open","sticky":false,"template":"","format":"standard","meta":{"_monsterinsights_skip_tracking":false,"_monsterinsights_sitenote_active":false,"_monsterinsights_sitenote_note":"","_monsterinsights_sitenote_category":0},"categories":[86,77],"tags":[115,103,80,105,74],"_links":{"self":[{"href":"https:\/\/magenarquitectos.com\/en\/wp-json\/wp\/v2\/posts\/17822"}],"collection":[{"href":"https:\/\/magenarquitectos.com\/en\/wp-json\/wp\/v2\/posts"}],"about":[{"href":"https:\/\/magenarquitectos.com\/en\/wp-json\/wp\/v2\/types\/post"}],"author":[{"embeddable":true,"href":"https:\/\/magenarquitectos.com\/en\/wp-json\/wp\/v2\/users\/1"}],"replies":[{"embeddable":true,"href":"https:\/\/magenarquitectos.com\/en\/wp-json\/wp\/v2\/comments?post=17822"}],"version-history":[{"count":1,"href":"https:\/\/magenarquitectos.com\/en\/wp-json\/wp\/v2\/posts\/17822\/revisions"}],"predecessor-version":[{"id":17825,"href":"https:\/\/magenarquitectos.com\/en\/wp-json\/wp\/v2\/posts\/17822\/revisions\/17825"}],"wp:attachment":[{"href":"https:\/\/magenarquitectos.com\/en\/wp-json\/wp\/v2\/media?parent=17822"}],"wp:term":[{"taxonomy":"category","embeddable":true,"href":"https:\/\/magenarquitectos.com\/en\/wp-json\/wp\/v2\/categories?post=17822"},{"taxonomy":"post_tag","embeddable":true,"href":"https:\/\/magenarquitectos.com\/en\/wp-json\/wp\/v2\/tags?post=17822"}],"curies":[{"name":"wp","href":"https:\/\/api.w.org\/{rel}","templated":true}]}}