{"id":17826,"date":"2024-06-25T08:00:00","date_gmt":"2024-06-25T08:00:00","guid":{"rendered":"https:\/\/magenarquitectos.com\/?p=17826"},"modified":"2024-06-25T09:59:05","modified_gmt":"2024-06-25T09:59:05","slug":"palacio-de-la-aljaferia","status":"publish","type":"post","link":"https:\/\/magenarquitectos.com\/en\/palacio-de-la-aljaferia\/","title":{"rendered":"Palacio de la Aljafer\u00eda"},"content":{"rendered":"\n<p>Mag\u00e9n Arquitectos ha ganado el concurso para la renovaci\u00f3n de la tienda del Palacio de la Aljafer\u00eda.<\/p>\n\n\n\n<figure class=\"wp-block-image size-large\"><img loading=\"lazy\" width=\"1024\" height=\"738\" src=\"https:\/\/magenarquitectos.com\/wp-content\/uploads\/2024\/06\/aljaferia1-1024x738.jpg\" alt=\"\" class=\"wp-image-17841\" srcset=\"https:\/\/magenarquitectos.com\/wp-content\/uploads\/2024\/06\/aljaferia1-1024x738.jpg 1024w, https:\/\/magenarquitectos.com\/wp-content\/uploads\/2024\/06\/aljaferia1-300x216.jpg 300w, https:\/\/magenarquitectos.com\/wp-content\/uploads\/2024\/06\/aljaferia1-768x554.jpg 768w, https:\/\/magenarquitectos.com\/wp-content\/uploads\/2024\/06\/aljaferia1.jpg 1240w\" sizes=\"(max-width: 1024px) 100vw, 1024px\" title=\"\"><\/figure>\n\n\n\n<figure class=\"wp-block-image size-large\"><img loading=\"lazy\" width=\"1024\" height=\"576\" src=\"https:\/\/magenarquitectos.com\/wp-content\/uploads\/2024\/06\/aljaferia-1024x576.jpg\" alt=\"\" class=\"wp-image-17827\" srcset=\"https:\/\/magenarquitectos.com\/wp-content\/uploads\/2024\/06\/aljaferia-1024x576.jpg 1024w, https:\/\/magenarquitectos.com\/wp-content\/uploads\/2024\/06\/aljaferia-300x169.jpg 300w, https:\/\/magenarquitectos.com\/wp-content\/uploads\/2024\/06\/aljaferia-768x432.jpg 768w, https:\/\/magenarquitectos.com\/wp-content\/uploads\/2024\/06\/aljaferia.jpg 1240w\" sizes=\"(max-width: 1024px) 100vw, 1024px\" title=\"\"><\/figure>\n","protected":false},"excerpt":{"rendered":"<p>Mag\u00e9n Arquitectos ha ganado el concurso para la renovaci\u00f3n de la tienda del Palacio de la Aljafer\u00eda.<\/p>\n","protected":false},"author":1,"featured_media":0,"comment_status":"open","ping_status":"open","sticky":false,"template":"","format":"standard","meta":{"_monsterinsights_skip_tracking":false,"_monsterinsights_sitenote_active":false,"_monsterinsights_sitenote_note":"","_monsterinsights_sitenote_category":0},"categories":[202,75],"tags":[115,88,93,74],"_links":{"self":[{"href":"https:\/\/magenarquitectos.com\/en\/wp-json\/wp\/v2\/posts\/17826"}],"collection":[{"href":"https:\/\/magenarquitectos.com\/en\/wp-json\/wp\/v2\/posts"}],"about":[{"href":"https:\/\/magenarquitectos.com\/en\/wp-json\/wp\/v2\/types\/post"}],"author":[{"embeddable":true,"href":"https:\/\/magenarquitectos.com\/en\/wp-json\/wp\/v2\/users\/1"}],"replies":[{"embeddable":true,"href":"https:\/\/magenarquitectos.com\/en\/wp-json\/wp\/v2\/comments?post=17826"}],"version-history":[{"count":2,"href":"https:\/\/magenarquitectos.com\/en\/wp-json\/wp\/v2\/posts\/17826\/revisions"}],"predecessor-version":[{"id":17843,"href":"https:\/\/magenarquitectos.com\/en\/wp-json\/wp\/v2\/posts\/17826\/revisions\/17843"}],"wp:attachment":[{"href":"https:\/\/magenarquitectos.com\/en\/wp-json\/wp\/v2\/media?parent=17826"}],"wp:term":[{"taxonomy":"category","embeddable":true,"href":"https:\/\/magenarquitectos.com\/en\/wp-json\/wp\/v2\/categories?post=17826"},{"taxonomy":"post_tag","embeddable":true,"href":"https:\/\/magenarquitectos.com\/en\/wp-json\/wp\/v2\/tags?post=17826"}],"curies":[{"name":"wp","href":"https:\/\/api.w.org\/{rel}","templated":true}]}}