{"id":17832,"date":"2024-06-17T10:17:18","date_gmt":"2024-06-17T10:17:18","guid":{"rendered":"https:\/\/magenarquitectos.com\/?p=17832"},"modified":"2024-06-17T10:17:21","modified_gmt":"2024-06-17T10:17:21","slug":"primera-piedra-del-centro-de-emergencias-y-seguridad-ciudadana-de-huesca","status":"publish","type":"post","link":"https:\/\/magenarquitectos.com\/en\/primera-piedra-del-centro-de-emergencias-y-seguridad-ciudadana-de-huesca\/","title":{"rendered":"Primera piedra del Centro de Emergencias y Seguridad Ciudadana de Huesca"},"content":{"rendered":"\n<p>El Presidente de Arag\u00f3n, Jorge Azc\u00f3n, junto con la Alcaldesa de Huesca, Lorena Orduna, y el Presidente de la DPH, Isaac Claver, participaron el viernes en el acto de colocaci\u00f3n de la primera piedra del Nuevo Centro de Emergencias y Seguridad Ciudadana de Huesca, proyectado por Mag\u00e9n Arquitectos. La constructora de la obra, Grupo MLN tambi\u00e9n ha estado presente en la visita,<\/p>\n\n\n\n<figure class=\"wp-block-image size-large\"><img loading=\"lazy\" width=\"1024\" height=\"683\" src=\"https:\/\/magenarquitectos.com\/wp-content\/uploads\/2024\/06\/cesc_1piedra-1024x683.jpg\" alt=\"\" class=\"wp-image-17833\" srcset=\"https:\/\/magenarquitectos.com\/wp-content\/uploads\/2024\/06\/cesc_1piedra-1024x683.jpg 1024w, https:\/\/magenarquitectos.com\/wp-content\/uploads\/2024\/06\/cesc_1piedra-300x200.jpg 300w, https:\/\/magenarquitectos.com\/wp-content\/uploads\/2024\/06\/cesc_1piedra-768x512.jpg 768w, https:\/\/magenarquitectos.com\/wp-content\/uploads\/2024\/06\/cesc_1piedra.jpg 1240w\" sizes=\"(max-width: 1024px) 100vw, 1024px\" title=\"\"><\/figure>\n\n\n\n<figure class=\"wp-block-image size-large\"><img loading=\"lazy\" width=\"1024\" height=\"426\" src=\"https:\/\/magenarquitectos.com\/wp-content\/uploads\/2024\/06\/cesc_EXTERIOR1-1024x426.jpg\" alt=\"\" class=\"wp-image-17835\" srcset=\"https:\/\/magenarquitectos.com\/wp-content\/uploads\/2024\/06\/cesc_EXTERIOR1-1024x426.jpg 1024w, https:\/\/magenarquitectos.com\/wp-content\/uploads\/2024\/06\/cesc_EXTERIOR1-300x125.jpg 300w, https:\/\/magenarquitectos.com\/wp-content\/uploads\/2024\/06\/cesc_EXTERIOR1-768x320.jpg 768w, https:\/\/magenarquitectos.com\/wp-content\/uploads\/2024\/06\/cesc_EXTERIOR1.jpg 1240w\" sizes=\"(max-width: 1024px) 100vw, 1024px\" title=\"\"><\/figure>\n\n\n\n<figure class=\"wp-block-image size-large\"><img loading=\"lazy\" width=\"1024\" height=\"576\" src=\"https:\/\/magenarquitectos.com\/wp-content\/uploads\/2024\/06\/cesc_EXTERIOR2-1024x576.jpg\" alt=\"\" class=\"wp-image-17837\" srcset=\"https:\/\/magenarquitectos.com\/wp-content\/uploads\/2024\/06\/cesc_EXTERIOR2-1024x576.jpg 1024w, https:\/\/magenarquitectos.com\/wp-content\/uploads\/2024\/06\/cesc_EXTERIOR2-300x169.jpg 300w, https:\/\/magenarquitectos.com\/wp-content\/uploads\/2024\/06\/cesc_EXTERIOR2-768x432.jpg 768w, https:\/\/magenarquitectos.com\/wp-content\/uploads\/2024\/06\/cesc_EXTERIOR2.jpg 1240w\" sizes=\"(max-width: 1024px) 100vw, 1024px\" title=\"\"><\/figure>\n","protected":false},"excerpt":{"rendered":"<p>El Presidente de Arag\u00f3n, Jorge Azc\u00f3n, junto con la Alcaldesa de Huesca, Lorena Orduna, y el Presidente de la DPH, Isaac Claver, participaron el viernes en el acto de colocaci\u00f3n de la primera piedra del Nuevo Centro de Emergencias y Seguridad Ciudadana de Huesca, proyectado por Mag\u00e9n Arquitectos. La constructora de la obra, Grupo MLN [&hellip;]<\/p>\n","protected":false},"author":1,"featured_media":0,"comment_status":"open","ping_status":"open","sticky":false,"template":"","format":"standard","meta":{"_monsterinsights_skip_tracking":false,"_monsterinsights_sitenote_active":false,"_monsterinsights_sitenote_note":"","_monsterinsights_sitenote_category":0},"categories":[77,97,65],"tags":[115,80,85,74],"_links":{"self":[{"href":"https:\/\/magenarquitectos.com\/en\/wp-json\/wp\/v2\/posts\/17832"}],"collection":[{"href":"https:\/\/magenarquitectos.com\/en\/wp-json\/wp\/v2\/posts"}],"about":[{"href":"https:\/\/magenarquitectos.com\/en\/wp-json\/wp\/v2\/types\/post"}],"author":[{"embeddable":true,"href":"https:\/\/magenarquitectos.com\/en\/wp-json\/wp\/v2\/users\/1"}],"replies":[{"embeddable":true,"href":"https:\/\/magenarquitectos.com\/en\/wp-json\/wp\/v2\/comments?post=17832"}],"version-history":[{"count":1,"href":"https:\/\/magenarquitectos.com\/en\/wp-json\/wp\/v2\/posts\/17832\/revisions"}],"predecessor-version":[{"id":17839,"href":"https:\/\/magenarquitectos.com\/en\/wp-json\/wp\/v2\/posts\/17832\/revisions\/17839"}],"wp:attachment":[{"href":"https:\/\/magenarquitectos.com\/en\/wp-json\/wp\/v2\/media?parent=17832"}],"wp:term":[{"taxonomy":"category","embeddable":true,"href":"https:\/\/magenarquitectos.com\/en\/wp-json\/wp\/v2\/categories?post=17832"},{"taxonomy":"post_tag","embeddable":true,"href":"https:\/\/magenarquitectos.com\/en\/wp-json\/wp\/v2\/tags?post=17832"}],"curies":[{"name":"wp","href":"https:\/\/api.w.org\/{rel}","templated":true}]}}