{"id":17844,"date":"2024-07-02T08:00:00","date_gmt":"2024-07-02T08:00:00","guid":{"rendered":"https:\/\/magenarquitectos.com\/?p=17844"},"modified":"2024-07-02T10:35:41","modified_gmt":"2024-07-02T10:35:41","slug":"la-vivienda-con-patio-excavado-en-heraldo-de-aragon","status":"publish","type":"post","link":"https:\/\/magenarquitectos.com\/en\/la-vivienda-con-patio-excavado-en-heraldo-de-aragon\/","title":{"rendered":"La Vivienda con patio excavado, en Heraldo de Arag\u00f3n"},"content":{"rendered":"\n<p>Heraldo de Arag\u00f3n publica un art\u00edculo de Javier Escart\u00edn sobre una de las \u00faltimas obras terminadas por el estudio, la Vivienda con patio excavado en la urbanizaci\u00f3n de Montecanal, en Zaragoza. Fotos: Rub\u00e9n P\u00e9rez Besc\u00f3s.<\/p>\n\n\n\n<p>Enlace al art\u00edculo: <a href=\"https:\/\/www.heraldo.es\/noticias\/aragon\/zaragoza\/2024\/07\/01\/un-llamativo-patio-excavado-en-una-vivienda-de-zaragoza-1745284.html\" rel=\"nofollow noopener\" target=\"_blank\">Heraldo de Arag\u00f3n<\/a><\/p>\n\n\n\n<figure class=\"wp-block-image size-large\"><img loading=\"lazy\" width=\"928\" height=\"1024\" src=\"https:\/\/magenarquitectos.com\/wp-content\/uploads\/2024\/07\/heraldo_casalopez-928x1024.jpg\" alt=\"\" class=\"wp-image-17845\" srcset=\"https:\/\/magenarquitectos.com\/wp-content\/uploads\/2024\/07\/heraldo_casalopez-928x1024.jpg 928w, https:\/\/magenarquitectos.com\/wp-content\/uploads\/2024\/07\/heraldo_casalopez-272x300.jpg 272w, https:\/\/magenarquitectos.com\/wp-content\/uploads\/2024\/07\/heraldo_casalopez-768x848.jpg 768w, https:\/\/magenarquitectos.com\/wp-content\/uploads\/2024\/07\/heraldo_casalopez.jpg 1125w\" sizes=\"(max-width: 928px) 100vw, 928px\" title=\"\"><\/figure>\n","protected":false},"excerpt":{"rendered":"<p>Heraldo de Arag\u00f3n publica un art\u00edculo de Javier Escart\u00edn sobre una de las \u00faltimas obras terminadas por el estudio, la Vivienda con patio excavado en la urbanizaci\u00f3n de Montecanal, en Zaragoza. Fotos: Rub\u00e9n P\u00e9rez Besc\u00f3s. Enlace al art\u00edculo: Heraldo de Arag\u00f3n<\/p>\n","protected":false},"author":1,"featured_media":0,"comment_status":"open","ping_status":"open","sticky":false,"template":"","format":"standard","meta":{"_monsterinsights_skip_tracking":false,"_monsterinsights_sitenote_active":false,"_monsterinsights_sitenote_note":"","_monsterinsights_sitenote_category":0},"categories":[90,194,95],"tags":[115,116,96,74],"_links":{"self":[{"href":"https:\/\/magenarquitectos.com\/en\/wp-json\/wp\/v2\/posts\/17844"}],"collection":[{"href":"https:\/\/magenarquitectos.com\/en\/wp-json\/wp\/v2\/posts"}],"about":[{"href":"https:\/\/magenarquitectos.com\/en\/wp-json\/wp\/v2\/types\/post"}],"author":[{"embeddable":true,"href":"https:\/\/magenarquitectos.com\/en\/wp-json\/wp\/v2\/users\/1"}],"replies":[{"embeddable":true,"href":"https:\/\/magenarquitectos.com\/en\/wp-json\/wp\/v2\/comments?post=17844"}],"version-history":[{"count":2,"href":"https:\/\/magenarquitectos.com\/en\/wp-json\/wp\/v2\/posts\/17844\/revisions"}],"predecessor-version":[{"id":17848,"href":"https:\/\/magenarquitectos.com\/en\/wp-json\/wp\/v2\/posts\/17844\/revisions\/17848"}],"wp:attachment":[{"href":"https:\/\/magenarquitectos.com\/en\/wp-json\/wp\/v2\/media?parent=17844"}],"wp:term":[{"taxonomy":"category","embeddable":true,"href":"https:\/\/magenarquitectos.com\/en\/wp-json\/wp\/v2\/categories?post=17844"},{"taxonomy":"post_tag","embeddable":true,"href":"https:\/\/magenarquitectos.com\/en\/wp-json\/wp\/v2\/tags?post=17844"}],"curies":[{"name":"wp","href":"https:\/\/api.w.org\/{rel}","templated":true}]}}