{"id":17850,"date":"2024-07-09T08:00:00","date_gmt":"2024-07-09T08:00:00","guid":{"rendered":"https:\/\/magenarquitectos.com\/?p=17850"},"modified":"2024-07-05T11:08:18","modified_gmt":"2024-07-05T11:08:18","slug":"la-facultad-de-filosofia-y-letras-publicada-en-proarquitectura","status":"publish","type":"post","link":"https:\/\/magenarquitectos.com\/en\/la-facultad-de-filosofia-y-letras-publicada-en-proarquitectura\/","title":{"rendered":"La Facultad de Filosof\u00eda y Letras, publicada en Proarquitectura"},"content":{"rendered":"\n<p>La revista Proarquitectura publica un art\u00edculo sobre la Facultad de Filosof\u00eda y Letras de la Universidad de Zaragoza, obra de Mag\u00e9n Arquitectos.<\/p>\n\n\n\n<p>Architectural magazine Proarquitectura\u00a0 features Philosophy Faculty of University of Zaragoza, by Magen Arquitectos.<\/p>\n\n\n\n<figure class=\"wp-block-image size-large\"><img loading=\"lazy\" width=\"819\" height=\"1024\" src=\"https:\/\/magenarquitectos.com\/wp-content\/uploads\/2024\/07\/filosofia_proarquitectura-819x1024.jpg\" alt=\"\" class=\"wp-image-17851\" srcset=\"https:\/\/magenarquitectos.com\/wp-content\/uploads\/2024\/07\/filosofia_proarquitectura-819x1024.jpg 819w, https:\/\/magenarquitectos.com\/wp-content\/uploads\/2024\/07\/filosofia_proarquitectura-240x300.jpg 240w, https:\/\/magenarquitectos.com\/wp-content\/uploads\/2024\/07\/filosofia_proarquitectura-768x960.jpg 768w, https:\/\/magenarquitectos.com\/wp-content\/uploads\/2024\/07\/filosofia_proarquitectura.jpg 992w\" sizes=\"(max-width: 819px) 100vw, 819px\" title=\"\"><\/figure>\n","protected":false},"excerpt":{"rendered":"<p>La revista Proarquitectura publica un art\u00edculo sobre la Facultad de Filosof\u00eda y Letras de la Universidad de Zaragoza, obra de Mag\u00e9n Arquitectos. Architectural magazine Proarquitectura\u00a0 features Philosophy Faculty of University of Zaragoza, by Magen Arquitectos.<\/p>\n","protected":false},"author":1,"featured_media":0,"comment_status":"open","ping_status":"open","sticky":false,"template":"","format":"standard","meta":{"_monsterinsights_skip_tracking":false,"_monsterinsights_sitenote_active":false,"_monsterinsights_sitenote_note":"","_monsterinsights_sitenote_category":0},"categories":[65,76,78,139,90,194],"tags":[115,134,80,93,94,82,83,166,74],"_links":{"self":[{"href":"https:\/\/magenarquitectos.com\/en\/wp-json\/wp\/v2\/posts\/17850"}],"collection":[{"href":"https:\/\/magenarquitectos.com\/en\/wp-json\/wp\/v2\/posts"}],"about":[{"href":"https:\/\/magenarquitectos.com\/en\/wp-json\/wp\/v2\/types\/post"}],"author":[{"embeddable":true,"href":"https:\/\/magenarquitectos.com\/en\/wp-json\/wp\/v2\/users\/1"}],"replies":[{"embeddable":true,"href":"https:\/\/magenarquitectos.com\/en\/wp-json\/wp\/v2\/comments?post=17850"}],"version-history":[{"count":1,"href":"https:\/\/magenarquitectos.com\/en\/wp-json\/wp\/v2\/posts\/17850\/revisions"}],"predecessor-version":[{"id":17853,"href":"https:\/\/magenarquitectos.com\/en\/wp-json\/wp\/v2\/posts\/17850\/revisions\/17853"}],"wp:attachment":[{"href":"https:\/\/magenarquitectos.com\/en\/wp-json\/wp\/v2\/media?parent=17850"}],"wp:term":[{"taxonomy":"category","embeddable":true,"href":"https:\/\/magenarquitectos.com\/en\/wp-json\/wp\/v2\/categories?post=17850"},{"taxonomy":"post_tag","embeddable":true,"href":"https:\/\/magenarquitectos.com\/en\/wp-json\/wp\/v2\/tags?post=17850"}],"curies":[{"name":"wp","href":"https:\/\/api.w.org\/{rel}","templated":true}]}}