{"id":17855,"date":"2024-07-23T08:00:00","date_gmt":"2024-07-23T08:00:00","guid":{"rendered":"https:\/\/magenarquitectos.com\/?p=17855"},"modified":"2024-07-19T17:40:38","modified_gmt":"2024-07-19T17:40:38","slug":"la-facultad-de-filosofia-y-letras-publicada-en-cercha","status":"publish","type":"post","link":"https:\/\/magenarquitectos.com\/en\/la-facultad-de-filosofia-y-letras-publicada-en-cercha\/","title":{"rendered":"La Facultad de Filosof\u00eda y Letras, publicada en Cercha"},"content":{"rendered":"\n<p><p>La revista Cercha, del Coaatz, publica un art\u00edculo sobre la Facultad de Filosof\u00eda y Letras de la Universidad de Zaragoza, obra de Mag\u00e9n Arquitectos. EL contenido incluye un amplio reportaje con detalles sobre la ejecuci\u00f3n de la obra, redactado por David Mateo, director de ejecuci\u00f3n junto con Fernando Galinda y Marina Boned.<\/p><\/p>\n\n\n\n<figure class=\"wp-block-image size-large\"><img loading=\"lazy\" width=\"823\" height=\"1024\" src=\"https:\/\/magenarquitectos.com\/wp-content\/uploads\/2024\/07\/filosofia_cercha-823x1024.jpg\" alt=\"\" class=\"wp-image-17856\" srcset=\"https:\/\/magenarquitectos.com\/wp-content\/uploads\/2024\/07\/filosofia_cercha-823x1024.jpg 823w, https:\/\/magenarquitectos.com\/wp-content\/uploads\/2024\/07\/filosofia_cercha-241x300.jpg 241w, https:\/\/magenarquitectos.com\/wp-content\/uploads\/2024\/07\/filosofia_cercha-768x955.jpg 768w, https:\/\/magenarquitectos.com\/wp-content\/uploads\/2024\/07\/filosofia_cercha.jpg 997w\" sizes=\"(max-width: 823px) 100vw, 823px\" title=\"\"><\/figure>\n","protected":false},"excerpt":{"rendered":"<p>La revista Cercha, del Coaatz, publica un art\u00edculo sobre la Facultad de Filosof\u00eda y Letras de la Universidad de Zaragoza, obra de Mag\u00e9n Arquitectos. EL contenido incluye un amplio reportaje con detalles sobre la ejecuci\u00f3n de la obra, redactado por David Mateo, director de ejecuci\u00f3n junto con Fernando Galinda y Marina Boned.<\/p>\n","protected":false},"author":1,"featured_media":0,"comment_status":"open","ping_status":"open","sticky":false,"template":"","format":"standard","meta":{"_monsterinsights_skip_tracking":false,"_monsterinsights_sitenote_active":false,"_monsterinsights_sitenote_note":"","_monsterinsights_sitenote_category":0},"categories":[76,212,213,78,65,139,125,90,194],"tags":[115,134,80,93,94,83,166,74],"_links":{"self":[{"href":"https:\/\/magenarquitectos.com\/en\/wp-json\/wp\/v2\/posts\/17855"}],"collection":[{"href":"https:\/\/magenarquitectos.com\/en\/wp-json\/wp\/v2\/posts"}],"about":[{"href":"https:\/\/magenarquitectos.com\/en\/wp-json\/wp\/v2\/types\/post"}],"author":[{"embeddable":true,"href":"https:\/\/magenarquitectos.com\/en\/wp-json\/wp\/v2\/users\/1"}],"replies":[{"embeddable":true,"href":"https:\/\/magenarquitectos.com\/en\/wp-json\/wp\/v2\/comments?post=17855"}],"version-history":[{"count":1,"href":"https:\/\/magenarquitectos.com\/en\/wp-json\/wp\/v2\/posts\/17855\/revisions"}],"predecessor-version":[{"id":17858,"href":"https:\/\/magenarquitectos.com\/en\/wp-json\/wp\/v2\/posts\/17855\/revisions\/17858"}],"wp:attachment":[{"href":"https:\/\/magenarquitectos.com\/en\/wp-json\/wp\/v2\/media?parent=17855"}],"wp:term":[{"taxonomy":"category","embeddable":true,"href":"https:\/\/magenarquitectos.com\/en\/wp-json\/wp\/v2\/categories?post=17855"},{"taxonomy":"post_tag","embeddable":true,"href":"https:\/\/magenarquitectos.com\/en\/wp-json\/wp\/v2\/tags?post=17855"}],"curies":[{"name":"wp","href":"https:\/\/api.w.org\/{rel}","templated":true}]}}