{"id":17865,"date":"2024-08-20T08:31:00","date_gmt":"2024-08-20T08:31:00","guid":{"rendered":"https:\/\/magenarquitectos.com\/?p=17865"},"modified":"2024-08-13T17:43:56","modified_gmt":"2024-08-13T17:43:56","slug":"rehabilitacion-energetica-y-funcional-del-edificio-pignatelli-2","status":"publish","type":"post","link":"https:\/\/magenarquitectos.com\/en\/rehabilitacion-energetica-y-funcional-del-edificio-pignatelli-2\/","title":{"rendered":"Rehabilitaci\u00f3n energ\u00e9tica y funcional del Edificio Pignatelli"},"content":{"rendered":"\n<p>Mag\u00e9n Arquitectos ha sido el ganador del concurso para la Direcci\u00f3n de Obra de la Rehabilitaci\u00f3n energ\u00e9tica y funcional del Edificio Pignatelli del Gobierno de Arag\u00f3n.<\/p>\n\n\n\n<p>La actuaci\u00f3n permitir\u00e1 reducir m\u00e1s de un 30% el consumo energ\u00e9tico del edificio.<\/p>\n\n\n\n<figure class=\"wp-block-image size-large\"><img loading=\"lazy\" width=\"1024\" height=\"789\" src=\"https:\/\/magenarquitectos.com\/wp-content\/uploads\/2024\/08\/do_pignatelli-1024x789.jpg\" alt=\"\" class=\"wp-image-17866\" srcset=\"https:\/\/magenarquitectos.com\/wp-content\/uploads\/2024\/08\/do_pignatelli-1024x789.jpg 1024w, https:\/\/magenarquitectos.com\/wp-content\/uploads\/2024\/08\/do_pignatelli-300x231.jpg 300w, https:\/\/magenarquitectos.com\/wp-content\/uploads\/2024\/08\/do_pignatelli-768x592.jpg 768w, https:\/\/magenarquitectos.com\/wp-content\/uploads\/2024\/08\/do_pignatelli.jpg 1240w\" sizes=\"(max-width: 1024px) 100vw, 1024px\" title=\"\"><\/figure>\n","protected":false},"excerpt":{"rendered":"<p>Mag\u00e9n Arquitectos ha sido el ganador del concurso para la Direcci\u00f3n de Obra de la Rehabilitaci\u00f3n energ\u00e9tica y funcional del Edificio Pignatelli del Gobierno de Arag\u00f3n. La actuaci\u00f3n permitir\u00e1 reducir m\u00e1s de un 30% el consumo energ\u00e9tico del edificio.<\/p>\n","protected":false},"author":1,"featured_media":0,"comment_status":"open","ping_status":"open","sticky":false,"template":"","format":"standard","meta":{"_monsterinsights_skip_tracking":false,"_monsterinsights_sitenote_active":false,"_monsterinsights_sitenote_note":"","_monsterinsights_sitenote_category":0},"categories":[77,76,78,125,92],"tags":[115,80,93,94,82,83,74],"_links":{"self":[{"href":"https:\/\/magenarquitectos.com\/en\/wp-json\/wp\/v2\/posts\/17865"}],"collection":[{"href":"https:\/\/magenarquitectos.com\/en\/wp-json\/wp\/v2\/posts"}],"about":[{"href":"https:\/\/magenarquitectos.com\/en\/wp-json\/wp\/v2\/types\/post"}],"author":[{"embeddable":true,"href":"https:\/\/magenarquitectos.com\/en\/wp-json\/wp\/v2\/users\/1"}],"replies":[{"embeddable":true,"href":"https:\/\/magenarquitectos.com\/en\/wp-json\/wp\/v2\/comments?post=17865"}],"version-history":[{"count":1,"href":"https:\/\/magenarquitectos.com\/en\/wp-json\/wp\/v2\/posts\/17865\/revisions"}],"predecessor-version":[{"id":17868,"href":"https:\/\/magenarquitectos.com\/en\/wp-json\/wp\/v2\/posts\/17865\/revisions\/17868"}],"wp:attachment":[{"href":"https:\/\/magenarquitectos.com\/en\/wp-json\/wp\/v2\/media?parent=17865"}],"wp:term":[{"taxonomy":"category","embeddable":true,"href":"https:\/\/magenarquitectos.com\/en\/wp-json\/wp\/v2\/categories?post=17865"},{"taxonomy":"post_tag","embeddable":true,"href":"https:\/\/magenarquitectos.com\/en\/wp-json\/wp\/v2\/tags?post=17865"}],"curies":[{"name":"wp","href":"https:\/\/api.w.org\/{rel}","templated":true}]}}