{"id":18014,"date":"2024-08-26T08:30:00","date_gmt":"2024-08-26T08:30:00","guid":{"rendered":"https:\/\/magenarquitectos.com\/?p=18014"},"modified":"2024-08-24T18:18:32","modified_gmt":"2024-08-24T18:18:32","slug":"we-are-hiring-2","status":"publish","type":"post","link":"https:\/\/magenarquitectos.com\/en\/we-are-hiring-2\/","title":{"rendered":"WE ARE HIRING!"},"content":{"rendered":"\n<figure class=\"wp-block-image size-large\"><img loading=\"lazy\" width=\"1024\" height=\"410\" src=\"https:\/\/magenarquitectos.com\/wp-content\/uploads\/2024\/08\/hiring_2024-1024x410.jpg\" alt=\"\" class=\"wp-image-18015\" srcset=\"https:\/\/magenarquitectos.com\/wp-content\/uploads\/2024\/08\/hiring_2024-1024x410.jpg 1024w, https:\/\/magenarquitectos.com\/wp-content\/uploads\/2024\/08\/hiring_2024-300x120.jpg 300w, https:\/\/magenarquitectos.com\/wp-content\/uploads\/2024\/08\/hiring_2024-768x307.jpg 768w, https:\/\/magenarquitectos.com\/wp-content\/uploads\/2024\/08\/hiring_2024.jpg 1240w\" sizes=\"(max-width: 1024px) 100vw, 1024px\" title=\"\"><\/figure>\n\n\n\n<p>Buscamos Arquitecto para incorporaci\u00f3n a tiempo completo, con m\u00e1s de 2 a\u00f1os de experiencia en un puesto similar y altos conocimientos acreditables en BIM.<\/p>\n\n\n\n<p>Buscamos Arquitecto reci\u00e9n titulado con dominio de Autodesk y BIM.<\/p>\n\n\n\n<p>Interesados enviar carta de presentaci\u00f3n y CV a estudio@magenarquitectos.com<\/p>\n","protected":false},"excerpt":{"rendered":"<p>Buscamos Arquitecto para incorporaci\u00f3n a tiempo completo, con m\u00e1s de 2 a\u00f1os de experiencia en un puesto similar y altos conocimientos acreditables en BIM. Buscamos Arquitecto reci\u00e9n titulado con dominio de Autodesk y BIM. Interesados enviar carta de presentaci\u00f3n y CV a estudio@magenarquitectos.com<\/p>\n","protected":false},"author":1,"featured_media":0,"comment_status":"open","ping_status":"open","sticky":false,"template":"","format":"standard","meta":{"_monsterinsights_skip_tracking":false,"_monsterinsights_sitenote_active":false,"_monsterinsights_sitenote_note":"","_monsterinsights_sitenote_category":0},"categories":[14],"tags":[115,74],"_links":{"self":[{"href":"https:\/\/magenarquitectos.com\/en\/wp-json\/wp\/v2\/posts\/18014"}],"collection":[{"href":"https:\/\/magenarquitectos.com\/en\/wp-json\/wp\/v2\/posts"}],"about":[{"href":"https:\/\/magenarquitectos.com\/en\/wp-json\/wp\/v2\/types\/post"}],"author":[{"embeddable":true,"href":"https:\/\/magenarquitectos.com\/en\/wp-json\/wp\/v2\/users\/1"}],"replies":[{"embeddable":true,"href":"https:\/\/magenarquitectos.com\/en\/wp-json\/wp\/v2\/comments?post=18014"}],"version-history":[{"count":1,"href":"https:\/\/magenarquitectos.com\/en\/wp-json\/wp\/v2\/posts\/18014\/revisions"}],"predecessor-version":[{"id":18017,"href":"https:\/\/magenarquitectos.com\/en\/wp-json\/wp\/v2\/posts\/18014\/revisions\/18017"}],"wp:attachment":[{"href":"https:\/\/magenarquitectos.com\/en\/wp-json\/wp\/v2\/media?parent=18014"}],"wp:term":[{"taxonomy":"category","embeddable":true,"href":"https:\/\/magenarquitectos.com\/en\/wp-json\/wp\/v2\/categories?post=18014"},{"taxonomy":"post_tag","embeddable":true,"href":"https:\/\/magenarquitectos.com\/en\/wp-json\/wp\/v2\/tags?post=18014"}],"curies":[{"name":"wp","href":"https:\/\/api.w.org\/{rel}","templated":true}]}}