{"id":18163,"date":"2024-09-24T08:00:00","date_gmt":"2024-09-24T08:00:00","guid":{"rendered":"https:\/\/magenarquitectos.com\/?p=18163"},"modified":"2024-09-22T18:54:15","modified_gmt":"2024-09-22T18:54:15","slug":"jornadas-de-arquitectura-y-diseno-lara-50-aniversario","status":"publish","type":"post","link":"https:\/\/magenarquitectos.com\/en\/jornadas-de-arquitectura-y-diseno-lara-50-aniversario\/","title":{"rendered":"Jornadas de Arquitectura y Dise\u00f1o. Lara 50 aniversario."},"content":{"rendered":"\n<p>Como celebraci\u00f3n de su 50 aniversario, Lara Interiorismo y Amueblamiento Integral de Oficinas ha organizado una serie de charlas, que se llevar\u00e1n a cabo durante el mes de octubre, explorando el fascinante mundo de la arquitectura y el dise\u00f1o de interiores.\u00a0<\/p>\n\n\n\n<p>El 10 de octubre se celebrar\u00e1 una Mesa de debate, bajo el t\u00edtulo \u201cEl arquitecto como int\u00e9rprete del lugar: Zaragoza, Berl\u00edn, Madrid, Logro\u00f1o\u201d participada por Carlos Tur\u00e9gano Gast\u00f3n y Jaime Mag\u00e9n Pardo.<\/p>\n\n\n\n<p><a href=\"https:\/\/www.lara.es\/jornadas-de-arquitectura-y-diseno-octubre-24\/\" rel=\"nofollow noopener\" target=\"_blank\">Enlace a las  Jornadas y reservar<\/a><\/p>\n\n\n\n<figure class=\"wp-block-image size-large\"><img loading=\"lazy\" width=\"1024\" height=\"682\" src=\"https:\/\/magenarquitectos.com\/wp-content\/uploads\/2024\/09\/conferencia_lara-1024x682.jpg\" alt=\"\" class=\"wp-image-18164\" srcset=\"https:\/\/magenarquitectos.com\/wp-content\/uploads\/2024\/09\/conferencia_lara-1024x682.jpg 1024w, https:\/\/magenarquitectos.com\/wp-content\/uploads\/2024\/09\/conferencia_lara-300x200.jpg 300w, https:\/\/magenarquitectos.com\/wp-content\/uploads\/2024\/09\/conferencia_lara-768x512.jpg 768w, https:\/\/magenarquitectos.com\/wp-content\/uploads\/2024\/09\/conferencia_lara.jpg 1240w\" sizes=\"(max-width: 1024px) 100vw, 1024px\" title=\"\"><\/figure>\n","protected":false},"excerpt":{"rendered":"<p>Como celebraci\u00f3n de su 50 aniversario, Lara Interiorismo y Amueblamiento Integral de Oficinas ha organizado una serie de charlas, que se llevar\u00e1n a cabo durante el mes de octubre, explorando el fascinante mundo de la arquitectura y el dise\u00f1o de interiores.\u00a0 El 10 de octubre se celebrar\u00e1 una Mesa de debate, bajo el t\u00edtulo \u201cEl [&hellip;]<\/p>\n","protected":false},"author":1,"featured_media":0,"comment_status":"open","ping_status":"open","sticky":false,"template":"","format":"standard","meta":{"_monsterinsights_skip_tracking":false,"_monsterinsights_sitenote_active":false,"_monsterinsights_sitenote_note":"","_monsterinsights_sitenote_category":0},"categories":[196,217],"tags":[115,129,216,74],"_links":{"self":[{"href":"https:\/\/magenarquitectos.com\/en\/wp-json\/wp\/v2\/posts\/18163"}],"collection":[{"href":"https:\/\/magenarquitectos.com\/en\/wp-json\/wp\/v2\/posts"}],"about":[{"href":"https:\/\/magenarquitectos.com\/en\/wp-json\/wp\/v2\/types\/post"}],"author":[{"embeddable":true,"href":"https:\/\/magenarquitectos.com\/en\/wp-json\/wp\/v2\/users\/1"}],"replies":[{"embeddable":true,"href":"https:\/\/magenarquitectos.com\/en\/wp-json\/wp\/v2\/comments?post=18163"}],"version-history":[{"count":1,"href":"https:\/\/magenarquitectos.com\/en\/wp-json\/wp\/v2\/posts\/18163\/revisions"}],"predecessor-version":[{"id":18166,"href":"https:\/\/magenarquitectos.com\/en\/wp-json\/wp\/v2\/posts\/18163\/revisions\/18166"}],"wp:attachment":[{"href":"https:\/\/magenarquitectos.com\/en\/wp-json\/wp\/v2\/media?parent=18163"}],"wp:term":[{"taxonomy":"category","embeddable":true,"href":"https:\/\/magenarquitectos.com\/en\/wp-json\/wp\/v2\/categories?post=18163"},{"taxonomy":"post_tag","embeddable":true,"href":"https:\/\/magenarquitectos.com\/en\/wp-json\/wp\/v2\/tags?post=18163"}],"curies":[{"name":"wp","href":"https:\/\/api.w.org\/{rel}","templated":true}]}}