{"id":18186,"date":"2024-10-09T15:03:13","date_gmt":"2024-10-09T15:03:13","guid":{"rendered":"https:\/\/magenarquitectos.com\/?p=18186"},"modified":"2024-10-09T15:03:15","modified_gmt":"2024-10-09T15:03:15","slug":"pagina-2","status":"publish","type":"post","link":"https:\/\/magenarquitectos.com\/en\/pagina-2\/","title":{"rendered":"P\u00e1gina 2"},"content":{"rendered":"\n<p>El vest\u00edbulo de la Facultad de Filosof\u00eda y Letras de a Universidad de Zaragoza acogi\u00f3 las entrevistas a los escritores Manuel Vilas e Ignacio Mart\u00ednez de Pis\u00f3n en el programa P\u00e1gina 2 de Televisi\u00f3n Espa\u00f1ola<\/p>\n\n\n\n<figure class=\"wp-block-image size-large\"><img loading=\"lazy\" width=\"1024\" height=\"673\" src=\"https:\/\/magenarquitectos.com\/wp-content\/uploads\/2024\/10\/pagina2_filosofia-1024x673.jpg\" alt=\"\" class=\"wp-image-18187\" srcset=\"https:\/\/magenarquitectos.com\/wp-content\/uploads\/2024\/10\/pagina2_filosofia-1024x673.jpg 1024w, https:\/\/magenarquitectos.com\/wp-content\/uploads\/2024\/10\/pagina2_filosofia-300x197.jpg 300w, https:\/\/magenarquitectos.com\/wp-content\/uploads\/2024\/10\/pagina2_filosofia-768x505.jpg 768w, https:\/\/magenarquitectos.com\/wp-content\/uploads\/2024\/10\/pagina2_filosofia.jpg 1240w\" sizes=\"(max-width: 1024px) 100vw, 1024px\" title=\"\"><\/figure>\n","protected":false},"excerpt":{"rendered":"<p>El vest\u00edbulo de la Facultad de Filosof\u00eda y Letras de a Universidad de Zaragoza acogi\u00f3 las entrevistas a los escritores Manuel Vilas e Ignacio Mart\u00ednez de Pis\u00f3n en el programa P\u00e1gina 2 de Televisi\u00f3n Espa\u00f1ola<\/p>\n","protected":false},"author":1,"featured_media":0,"comment_status":"open","ping_status":"open","sticky":false,"template":"","format":"standard","meta":{"_monsterinsights_skip_tracking":false,"_monsterinsights_sitenote_active":false,"_monsterinsights_sitenote_note":"","_monsterinsights_sitenote_category":0},"categories":[146,139],"tags":[115,93,94,82,83,166,74],"_links":{"self":[{"href":"https:\/\/magenarquitectos.com\/en\/wp-json\/wp\/v2\/posts\/18186"}],"collection":[{"href":"https:\/\/magenarquitectos.com\/en\/wp-json\/wp\/v2\/posts"}],"about":[{"href":"https:\/\/magenarquitectos.com\/en\/wp-json\/wp\/v2\/types\/post"}],"author":[{"embeddable":true,"href":"https:\/\/magenarquitectos.com\/en\/wp-json\/wp\/v2\/users\/1"}],"replies":[{"embeddable":true,"href":"https:\/\/magenarquitectos.com\/en\/wp-json\/wp\/v2\/comments?post=18186"}],"version-history":[{"count":1,"href":"https:\/\/magenarquitectos.com\/en\/wp-json\/wp\/v2\/posts\/18186\/revisions"}],"predecessor-version":[{"id":18189,"href":"https:\/\/magenarquitectos.com\/en\/wp-json\/wp\/v2\/posts\/18186\/revisions\/18189"}],"wp:attachment":[{"href":"https:\/\/magenarquitectos.com\/en\/wp-json\/wp\/v2\/media?parent=18186"}],"wp:term":[{"taxonomy":"category","embeddable":true,"href":"https:\/\/magenarquitectos.com\/en\/wp-json\/wp\/v2\/categories?post=18186"},{"taxonomy":"post_tag","embeddable":true,"href":"https:\/\/magenarquitectos.com\/en\/wp-json\/wp\/v2\/tags?post=18186"}],"curies":[{"name":"wp","href":"https:\/\/api.w.org\/{rel}","templated":true}]}}