{"id":18191,"date":"2024-10-16T08:00:00","date_gmt":"2024-10-16T08:00:00","guid":{"rendered":"https:\/\/magenarquitectos.com\/?p=18191"},"modified":"2024-10-14T11:17:58","modified_gmt":"2024-10-14T11:17:58","slug":"comienzan-las-obras-de-rehabilitacion-del-edificio-pignatelli","status":"publish","type":"post","link":"https:\/\/magenarquitectos.com\/en\/comienzan-las-obras-de-rehabilitacion-del-edificio-pignatelli\/","title":{"rendered":"Comienzan las obras de Rehabilitaci\u00f3n del edificio Pignatelli"},"content":{"rendered":"\n<p>La Rehabilitaci\u00f3n energ\u00e9tica y funcional del Edificio Pignatelli del Gobierno de Arag\u00f3n permitir\u00e1 reducir m\u00e1s de un 30% el consumo energ\u00e9tico del edificio.<\/p>\n\n\n\n<figure class=\"wp-block-image size-large\"><img loading=\"lazy\" width=\"1024\" height=\"974\" src=\"https:\/\/magenarquitectos.com\/wp-content\/uploads\/2024\/10\/pignatelli_inicio-1024x974.jpg\" alt=\"\" class=\"wp-image-18193\" srcset=\"https:\/\/magenarquitectos.com\/wp-content\/uploads\/2024\/10\/pignatelli_inicio-1024x974.jpg 1024w, https:\/\/magenarquitectos.com\/wp-content\/uploads\/2024\/10\/pignatelli_inicio-300x285.jpg 300w, https:\/\/magenarquitectos.com\/wp-content\/uploads\/2024\/10\/pignatelli_inicio-768x730.jpg 768w, https:\/\/magenarquitectos.com\/wp-content\/uploads\/2024\/10\/pignatelli_inicio.jpg 1240w\" sizes=\"(max-width: 1024px) 100vw, 1024px\" title=\"\"><\/figure>\n","protected":false},"excerpt":{"rendered":"<p>La Rehabilitaci\u00f3n energ\u00e9tica y funcional del Edificio Pignatelli del Gobierno de Arag\u00f3n permitir\u00e1 reducir m\u00e1s de un 30% el consumo energ\u00e9tico del edificio.<\/p>\n","protected":false},"author":1,"featured_media":0,"comment_status":"open","ping_status":"open","sticky":false,"template":"","format":"standard","meta":{"_monsterinsights_skip_tracking":false,"_monsterinsights_sitenote_active":false,"_monsterinsights_sitenote_note":"","_monsterinsights_sitenote_category":0},"categories":[97,77,117],"tags":[115,93,94,82,83,74],"_links":{"self":[{"href":"https:\/\/magenarquitectos.com\/en\/wp-json\/wp\/v2\/posts\/18191"}],"collection":[{"href":"https:\/\/magenarquitectos.com\/en\/wp-json\/wp\/v2\/posts"}],"about":[{"href":"https:\/\/magenarquitectos.com\/en\/wp-json\/wp\/v2\/types\/post"}],"author":[{"embeddable":true,"href":"https:\/\/magenarquitectos.com\/en\/wp-json\/wp\/v2\/users\/1"}],"replies":[{"embeddable":true,"href":"https:\/\/magenarquitectos.com\/en\/wp-json\/wp\/v2\/comments?post=18191"}],"version-history":[{"count":1,"href":"https:\/\/magenarquitectos.com\/en\/wp-json\/wp\/v2\/posts\/18191\/revisions"}],"predecessor-version":[{"id":18195,"href":"https:\/\/magenarquitectos.com\/en\/wp-json\/wp\/v2\/posts\/18191\/revisions\/18195"}],"wp:attachment":[{"href":"https:\/\/magenarquitectos.com\/en\/wp-json\/wp\/v2\/media?parent=18191"}],"wp:term":[{"taxonomy":"category","embeddable":true,"href":"https:\/\/magenarquitectos.com\/en\/wp-json\/wp\/v2\/categories?post=18191"},{"taxonomy":"post_tag","embeddable":true,"href":"https:\/\/magenarquitectos.com\/en\/wp-json\/wp\/v2\/tags?post=18191"}],"curies":[{"name":"wp","href":"https:\/\/api.w.org\/{rel}","templated":true}]}}