{"id":18198,"date":"2024-10-15T08:53:47","date_gmt":"2024-10-15T08:53:47","guid":{"rendered":"https:\/\/magenarquitectos.com\/?p=18198"},"modified":"2024-10-15T08:53:48","modified_gmt":"2024-10-15T08:53:48","slug":"conferencia-en-las-jornadas-de-arquitectura-y-diseno-lara","status":"publish","type":"post","link":"https:\/\/magenarquitectos.com\/en\/conferencia-en-las-jornadas-de-arquitectura-y-diseno-lara\/","title":{"rendered":"Conferencia en las Jornadas de Arquitectura y Dise\u00f1o Lara."},"content":{"rendered":"\n<p>El pasado jueves, Jaime Mag\u00e9n dio una conferencia en  las Jornadas de Arquitectura y Dise\u00f1o, organizadas por Lara oficinas en su 50 aniversario, hablando sobre la relaci\u00f3n de la Arquitectura con el lugar, a prop\u00f3sito de 3 obras del estudio: el Centro Ambiental del Ebro, el Teatro-Auditorio de Illueca y la reforma y ampliaci\u00f3n de la Facultad de Filosofia y Letras de la Universidad de Zaragoza. <\/p>\n\n\n\n<figure class=\"wp-block-image size-large\"><img loading=\"lazy\" width=\"1024\" height=\"746\" src=\"https:\/\/magenarquitectos.com\/wp-content\/uploads\/2024\/10\/lara_conferencia-1024x746.jpg\" alt=\"\" class=\"wp-image-18199\" srcset=\"https:\/\/magenarquitectos.com\/wp-content\/uploads\/2024\/10\/lara_conferencia-1024x746.jpg 1024w, https:\/\/magenarquitectos.com\/wp-content\/uploads\/2024\/10\/lara_conferencia-300x218.jpg 300w, https:\/\/magenarquitectos.com\/wp-content\/uploads\/2024\/10\/lara_conferencia-768x559.jpg 768w, https:\/\/magenarquitectos.com\/wp-content\/uploads\/2024\/10\/lara_conferencia.jpg 1240w\" sizes=\"(max-width: 1024px) 100vw, 1024px\" title=\"\"><\/figure>\n","protected":false},"excerpt":{"rendered":"<p>El pasado jueves, Jaime Mag\u00e9n dio una conferencia en las Jornadas de Arquitectura y Dise\u00f1o, organizadas por Lara oficinas en su 50 aniversario, hablando sobre la relaci\u00f3n de la Arquitectura con el lugar, a prop\u00f3sito de 3 obras del estudio: el Centro Ambiental del Ebro, el Teatro-Auditorio de Illueca y la reforma y ampliaci\u00f3n de [&hellip;]<\/p>\n","protected":false},"author":1,"featured_media":0,"comment_status":"open","ping_status":"open","sticky":false,"template":"","format":"standard","meta":{"_monsterinsights_skip_tracking":false,"_monsterinsights_sitenote_active":false,"_monsterinsights_sitenote_note":"","_monsterinsights_sitenote_category":0},"categories":[196,217],"tags":[115,80,93,94,82,83,74],"_links":{"self":[{"href":"https:\/\/magenarquitectos.com\/en\/wp-json\/wp\/v2\/posts\/18198"}],"collection":[{"href":"https:\/\/magenarquitectos.com\/en\/wp-json\/wp\/v2\/posts"}],"about":[{"href":"https:\/\/magenarquitectos.com\/en\/wp-json\/wp\/v2\/types\/post"}],"author":[{"embeddable":true,"href":"https:\/\/magenarquitectos.com\/en\/wp-json\/wp\/v2\/users\/1"}],"replies":[{"embeddable":true,"href":"https:\/\/magenarquitectos.com\/en\/wp-json\/wp\/v2\/comments?post=18198"}],"version-history":[{"count":1,"href":"https:\/\/magenarquitectos.com\/en\/wp-json\/wp\/v2\/posts\/18198\/revisions"}],"predecessor-version":[{"id":18201,"href":"https:\/\/magenarquitectos.com\/en\/wp-json\/wp\/v2\/posts\/18198\/revisions\/18201"}],"wp:attachment":[{"href":"https:\/\/magenarquitectos.com\/en\/wp-json\/wp\/v2\/media?parent=18198"}],"wp:term":[{"taxonomy":"category","embeddable":true,"href":"https:\/\/magenarquitectos.com\/en\/wp-json\/wp\/v2\/categories?post=18198"},{"taxonomy":"post_tag","embeddable":true,"href":"https:\/\/magenarquitectos.com\/en\/wp-json\/wp\/v2\/tags?post=18198"}],"curies":[{"name":"wp","href":"https:\/\/api.w.org\/{rel}","templated":true}]}}