{"id":18207,"date":"2024-10-29T08:00:00","date_gmt":"2024-10-29T08:00:00","guid":{"rendered":"https:\/\/magenarquitectos.com\/?p=18207"},"modified":"2024-10-28T12:16:37","modified_gmt":"2024-10-28T12:16:37","slug":"la-facultad-de-filosofia-y-letras-finalista-en-los-premios-mapei","status":"publish","type":"post","link":"https:\/\/magenarquitectos.com\/en\/la-facultad-de-filosofia-y-letras-finalista-en-los-premios-mapei\/","title":{"rendered":"La Facultad de Filosof\u00eda y Letras, Finalista en los Premios Mapei"},"content":{"rendered":"\n<p>La ampliaci\u00f3n y reforma de la Facultad de Filosof\u00eda y Letras es Finalista de los Premios Mapei a la Arquitectura Sostenible 2024.<\/p>\n\n\n\n<p>El&nbsp;Premio Mapei&nbsp;busca reconocer y promover obras de arquitectura que no solo exhiban excelencia en dise\u00f1o y ejecuci\u00f3n, sino tambi\u00e9n un compromiso firme con la sostenibilidad y la responsabilidad ambiental. Valorando la creatividad, la viabilidad t\u00e9cnica y la capacidad de generar un impacto positivo en el entorno construido y en la calidad de vida de las personas.&nbsp;<\/p>\n\n\n\n<figure class=\"wp-block-image size-large\"><img loading=\"lazy\" width=\"1008\" height=\"1024\" src=\"https:\/\/magenarquitectos.com\/wp-content\/uploads\/2024\/10\/filosofia_mapei_2-1-1008x1024.jpg\" alt=\"\" class=\"wp-image-18226\" srcset=\"https:\/\/magenarquitectos.com\/wp-content\/uploads\/2024\/10\/filosofia_mapei_2-1-1008x1024.jpg 1008w, https:\/\/magenarquitectos.com\/wp-content\/uploads\/2024\/10\/filosofia_mapei_2-1-295x300.jpg 295w, https:\/\/magenarquitectos.com\/wp-content\/uploads\/2024\/10\/filosofia_mapei_2-1-768x780.jpg 768w, https:\/\/magenarquitectos.com\/wp-content\/uploads\/2024\/10\/filosofia_mapei_2-1.jpg 1240w\" sizes=\"(max-width: 1008px) 100vw, 1008px\" title=\"\"><\/figure>\n","protected":false},"excerpt":{"rendered":"<p>La ampliaci\u00f3n y reforma de la Facultad de Filosof\u00eda y Letras es Finalista de los Premios Mapei a la Arquitectura Sostenible 2024. El&nbsp;Premio Mapei&nbsp;busca reconocer y promover obras de arquitectura que no solo exhiban excelencia en dise\u00f1o y ejecuci\u00f3n, sino tambi\u00e9n un compromiso firme con la sostenibilidad y la responsabilidad ambiental. Valorando la creatividad, la [&hellip;]<\/p>\n","protected":false},"author":1,"featured_media":0,"comment_status":"open","ping_status":"open","sticky":false,"template":"","format":"standard","meta":{"_monsterinsights_skip_tracking":false,"_monsterinsights_sitenote_active":false,"_monsterinsights_sitenote_note":"","_monsterinsights_sitenote_category":0},"categories":[195,76,78,65,139,113],"tags":[115,134,80,93,94,82,83,166,74],"_links":{"self":[{"href":"https:\/\/magenarquitectos.com\/en\/wp-json\/wp\/v2\/posts\/18207"}],"collection":[{"href":"https:\/\/magenarquitectos.com\/en\/wp-json\/wp\/v2\/posts"}],"about":[{"href":"https:\/\/magenarquitectos.com\/en\/wp-json\/wp\/v2\/types\/post"}],"author":[{"embeddable":true,"href":"https:\/\/magenarquitectos.com\/en\/wp-json\/wp\/v2\/users\/1"}],"replies":[{"embeddable":true,"href":"https:\/\/magenarquitectos.com\/en\/wp-json\/wp\/v2\/comments?post=18207"}],"version-history":[{"count":2,"href":"https:\/\/magenarquitectos.com\/en\/wp-json\/wp\/v2\/posts\/18207\/revisions"}],"predecessor-version":[{"id":18228,"href":"https:\/\/magenarquitectos.com\/en\/wp-json\/wp\/v2\/posts\/18207\/revisions\/18228"}],"wp:attachment":[{"href":"https:\/\/magenarquitectos.com\/en\/wp-json\/wp\/v2\/media?parent=18207"}],"wp:term":[{"taxonomy":"category","embeddable":true,"href":"https:\/\/magenarquitectos.com\/en\/wp-json\/wp\/v2\/categories?post=18207"},{"taxonomy":"post_tag","embeddable":true,"href":"https:\/\/magenarquitectos.com\/en\/wp-json\/wp\/v2\/tags?post=18207"}],"curies":[{"name":"wp","href":"https:\/\/api.w.org\/{rel}","templated":true}]}}