{"id":18301,"date":"2024-11-15T20:55:16","date_gmt":"2024-11-15T20:55:16","guid":{"rendered":"https:\/\/magenarquitectos.com\/?p=18301"},"modified":"2024-11-15T20:55:18","modified_gmt":"2024-11-15T20:55:18","slug":"premios-itesal-mencion-especial-a-la-arquitectura-sostenible-construida","status":"publish","type":"post","link":"https:\/\/magenarquitectos.com\/en\/premios-itesal-mencion-especial-a-la-arquitectura-sostenible-construida\/","title":{"rendered":"Premios Itesal. Menci\u00f3n Especial a la Arquitectura Sostenible Construida"},"content":{"rendered":"\n<p>El IV Premio Nacional de Arquitectura Novel Itesal reconoci\u00f3 la Arquitectura Sostenible Construida con dos Menciones Especiales, a la Reforma y Ampliaci\u00f3n de la Facultad de Filosof\u00eda y Letras de la Universidad de Zaragoza y al edificio Skyline.<\/p>\n\n\n\n<figure class=\"wp-block-image size-large\"><img loading=\"lazy\" width=\"718\" height=\"1024\" src=\"https:\/\/magenarquitectos.com\/wp-content\/uploads\/2024\/11\/itesal01-718x1024.jpg\" alt=\"\" class=\"wp-image-18302\" srcset=\"https:\/\/magenarquitectos.com\/wp-content\/uploads\/2024\/11\/itesal01-718x1024.jpg 718w, https:\/\/magenarquitectos.com\/wp-content\/uploads\/2024\/11\/itesal01-210x300.jpg 210w, https:\/\/magenarquitectos.com\/wp-content\/uploads\/2024\/11\/itesal01-768x1095.jpg 768w, https:\/\/magenarquitectos.com\/wp-content\/uploads\/2024\/11\/itesal01.jpg 870w\" sizes=\"(max-width: 718px) 100vw, 718px\" title=\"\"><\/figure>\n\n\n\n<figure class=\"wp-block-image size-large\"><img loading=\"lazy\" width=\"1024\" height=\"685\" src=\"https:\/\/magenarquitectos.com\/wp-content\/uploads\/2024\/11\/itesal02-1024x685.jpg\" alt=\"\" class=\"wp-image-18304\" srcset=\"https:\/\/magenarquitectos.com\/wp-content\/uploads\/2024\/11\/itesal02-1024x685.jpg 1024w, https:\/\/magenarquitectos.com\/wp-content\/uploads\/2024\/11\/itesal02-300x201.jpg 300w, https:\/\/magenarquitectos.com\/wp-content\/uploads\/2024\/11\/itesal02-768x514.jpg 768w, https:\/\/magenarquitectos.com\/wp-content\/uploads\/2024\/11\/itesal02.jpg 1240w\" sizes=\"(max-width: 1024px) 100vw, 1024px\" title=\"\"><\/figure>\n","protected":false},"excerpt":{"rendered":"<p>El IV Premio Nacional de Arquitectura Novel Itesal reconoci\u00f3 la Arquitectura Sostenible Construida con dos Menciones Especiales, a la Reforma y Ampliaci\u00f3n de la Facultad de Filosof\u00eda y Letras de la Universidad de Zaragoza y al edificio Skyline.<\/p>\n","protected":false},"author":1,"featured_media":0,"comment_status":"open","ping_status":"open","sticky":false,"template":"","format":"standard","meta":{"_monsterinsights_skip_tracking":false,"_monsterinsights_sitenote_active":false,"_monsterinsights_sitenote_note":"","_monsterinsights_sitenote_category":0},"categories":[65,195,76,78,139,113],"tags":[115,134,80,93,94,82,83,166,74],"_links":{"self":[{"href":"https:\/\/magenarquitectos.com\/en\/wp-json\/wp\/v2\/posts\/18301"}],"collection":[{"href":"https:\/\/magenarquitectos.com\/en\/wp-json\/wp\/v2\/posts"}],"about":[{"href":"https:\/\/magenarquitectos.com\/en\/wp-json\/wp\/v2\/types\/post"}],"author":[{"embeddable":true,"href":"https:\/\/magenarquitectos.com\/en\/wp-json\/wp\/v2\/users\/1"}],"replies":[{"embeddable":true,"href":"https:\/\/magenarquitectos.com\/en\/wp-json\/wp\/v2\/comments?post=18301"}],"version-history":[{"count":2,"href":"https:\/\/magenarquitectos.com\/en\/wp-json\/wp\/v2\/posts\/18301\/revisions"}],"predecessor-version":[{"id":18307,"href":"https:\/\/magenarquitectos.com\/en\/wp-json\/wp\/v2\/posts\/18301\/revisions\/18307"}],"wp:attachment":[{"href":"https:\/\/magenarquitectos.com\/en\/wp-json\/wp\/v2\/media?parent=18301"}],"wp:term":[{"taxonomy":"category","embeddable":true,"href":"https:\/\/magenarquitectos.com\/en\/wp-json\/wp\/v2\/categories?post=18301"},{"taxonomy":"post_tag","embeddable":true,"href":"https:\/\/magenarquitectos.com\/en\/wp-json\/wp\/v2\/tags?post=18301"}],"curies":[{"name":"wp","href":"https:\/\/api.w.org\/{rel}","templated":true}]}}