{"id":18308,"date":"2024-11-19T08:00:00","date_gmt":"2024-11-19T08:00:00","guid":{"rendered":"https:\/\/magenarquitectos.com\/?p=18308"},"modified":"2024-11-18T13:03:12","modified_gmt":"2024-11-18T13:03:12","slug":"premios-adea-2024-finalistas","status":"publish","type":"post","link":"https:\/\/magenarquitectos.com\/en\/premios-adea-2024-finalistas\/","title":{"rendered":"Premios ADEA 2024. Finalistas."},"content":{"rendered":"\n<p>Los Premios ADEA reconocen la labor de los directivos cuya tarea y responsabilidad se desarrolla en una empresa radicada en Arag\u00f3n, en cada una de las \u00e1reas de actividad en el \u00e1mbito de la empresa. Se otorgan a 11 categor\u00edas diferentes.<\/p>\n\n\n\n<p>Mag\u00e9n Arquitectos es Finalista en la categor\u00eda de Promoci\u00f3n Exterior.<\/p>\n\n\n\n<figure class=\"wp-block-image size-large\"><img loading=\"lazy\" width=\"1024\" height=\"491\" src=\"https:\/\/magenarquitectos.com\/wp-content\/uploads\/2024\/11\/premios_adea-1024x491.jpg\" alt=\"\" class=\"wp-image-18309\" srcset=\"https:\/\/magenarquitectos.com\/wp-content\/uploads\/2024\/11\/premios_adea-1024x491.jpg 1024w, https:\/\/magenarquitectos.com\/wp-content\/uploads\/2024\/11\/premios_adea-300x144.jpg 300w, https:\/\/magenarquitectos.com\/wp-content\/uploads\/2024\/11\/premios_adea-768x368.jpg 768w, https:\/\/magenarquitectos.com\/wp-content\/uploads\/2024\/11\/premios_adea.jpg 1240w\" sizes=\"(max-width: 1024px) 100vw, 1024px\" title=\"\"><\/figure>\n","protected":false},"excerpt":{"rendered":"<p>Los Premios ADEA reconocen la labor de los directivos cuya tarea y responsabilidad se desarrolla en una empresa radicada en Arag\u00f3n, en cada una de las \u00e1reas de actividad en el \u00e1mbito de la empresa. Se otorgan a 11 categor\u00edas diferentes. Mag\u00e9n Arquitectos es Finalista en la categor\u00eda de Promoci\u00f3n Exterior.<\/p>\n","protected":false},"author":1,"featured_media":0,"comment_status":"open","ping_status":"open","sticky":false,"template":"","format":"standard","meta":{"_monsterinsights_skip_tracking":false,"_monsterinsights_sitenote_active":false,"_monsterinsights_sitenote_note":"","_monsterinsights_sitenote_category":0},"categories":[195,113],"tags":[115,62,70,74],"_links":{"self":[{"href":"https:\/\/magenarquitectos.com\/en\/wp-json\/wp\/v2\/posts\/18308"}],"collection":[{"href":"https:\/\/magenarquitectos.com\/en\/wp-json\/wp\/v2\/posts"}],"about":[{"href":"https:\/\/magenarquitectos.com\/en\/wp-json\/wp\/v2\/types\/post"}],"author":[{"embeddable":true,"href":"https:\/\/magenarquitectos.com\/en\/wp-json\/wp\/v2\/users\/1"}],"replies":[{"embeddable":true,"href":"https:\/\/magenarquitectos.com\/en\/wp-json\/wp\/v2\/comments?post=18308"}],"version-history":[{"count":2,"href":"https:\/\/magenarquitectos.com\/en\/wp-json\/wp\/v2\/posts\/18308\/revisions"}],"predecessor-version":[{"id":18312,"href":"https:\/\/magenarquitectos.com\/en\/wp-json\/wp\/v2\/posts\/18308\/revisions\/18312"}],"wp:attachment":[{"href":"https:\/\/magenarquitectos.com\/en\/wp-json\/wp\/v2\/media?parent=18308"}],"wp:term":[{"taxonomy":"category","embeddable":true,"href":"https:\/\/magenarquitectos.com\/en\/wp-json\/wp\/v2\/categories?post=18308"},{"taxonomy":"post_tag","embeddable":true,"href":"https:\/\/magenarquitectos.com\/en\/wp-json\/wp\/v2\/tags?post=18308"}],"curies":[{"name":"wp","href":"https:\/\/api.w.org\/{rel}","templated":true}]}}