{"id":18319,"date":"2024-12-03T08:00:00","date_gmt":"2024-12-03T08:00:00","guid":{"rendered":"https:\/\/magenarquitectos.com\/?p=18319"},"modified":"2024-12-02T12:50:52","modified_gmt":"2024-12-02T12:50:52","slug":"premios-mapei-2024","status":"publish","type":"post","link":"https:\/\/magenarquitectos.com\/en\/premios-mapei-2024\/","title":{"rendered":"Premios Mapei 2024"},"content":{"rendered":"\n<p>El 29 de noviembre se entregaron los Premios Mapei 2024 a la Arquitectura Sostenible en la sede del COAM en Madrid. La Ampliaci\u00f3n y Reforma de la Facultad de Filosof\u00eda de la Universidad de Zaragoza ha sido Finalista en la categor\u00eda de Edificio de uso p\u00fablico.<\/p>\n\n\n\n<figure class=\"wp-block-image size-large\"><img loading=\"lazy\" width=\"963\" height=\"1024\" src=\"https:\/\/magenarquitectos.com\/wp-content\/uploads\/2024\/12\/premio_mapei1-963x1024.jpg\" alt=\"\" class=\"wp-image-18324\" srcset=\"https:\/\/magenarquitectos.com\/wp-content\/uploads\/2024\/12\/premio_mapei1-963x1024.jpg 963w, https:\/\/magenarquitectos.com\/wp-content\/uploads\/2024\/12\/premio_mapei1-282x300.jpg 282w, https:\/\/magenarquitectos.com\/wp-content\/uploads\/2024\/12\/premio_mapei1-768x816.jpg 768w, https:\/\/magenarquitectos.com\/wp-content\/uploads\/2024\/12\/premio_mapei1.jpg 1240w\" sizes=\"(max-width: 963px) 100vw, 963px\" title=\"\"><\/figure>\n\n\n\n<figure class=\"wp-block-image size-large\"><img loading=\"lazy\" width=\"946\" height=\"1024\" src=\"https:\/\/magenarquitectos.com\/wp-content\/uploads\/2024\/12\/premio_mapei2-946x1024.jpg\" alt=\"\" class=\"wp-image-18326\" srcset=\"https:\/\/magenarquitectos.com\/wp-content\/uploads\/2024\/12\/premio_mapei2-946x1024.jpg 946w, https:\/\/magenarquitectos.com\/wp-content\/uploads\/2024\/12\/premio_mapei2-277x300.jpg 277w, https:\/\/magenarquitectos.com\/wp-content\/uploads\/2024\/12\/premio_mapei2-768x831.jpg 768w, https:\/\/magenarquitectos.com\/wp-content\/uploads\/2024\/12\/premio_mapei2.jpg 1240w\" sizes=\"(max-width: 946px) 100vw, 946px\" title=\"\"><\/figure>\n","protected":false},"excerpt":{"rendered":"<p>El 29 de noviembre se entregaron los Premios Mapei 2024 a la Arquitectura Sostenible en la sede del COAM en Madrid. La Ampliaci\u00f3n y Reforma de la Facultad de Filosof\u00eda de la Universidad de Zaragoza ha sido Finalista en la categor\u00eda de Edificio de uso p\u00fablico.<\/p>\n","protected":false},"author":1,"featured_media":0,"comment_status":"open","ping_status":"open","sticky":false,"template":"","format":"standard","meta":{"_monsterinsights_skip_tracking":false,"_monsterinsights_sitenote_active":false,"_monsterinsights_sitenote_note":"","_monsterinsights_sitenote_category":0},"categories":[195,78,65,139,204,69,113],"tags":[115,134,80,93,94,82,83,166,74],"_links":{"self":[{"href":"https:\/\/magenarquitectos.com\/en\/wp-json\/wp\/v2\/posts\/18319"}],"collection":[{"href":"https:\/\/magenarquitectos.com\/en\/wp-json\/wp\/v2\/posts"}],"about":[{"href":"https:\/\/magenarquitectos.com\/en\/wp-json\/wp\/v2\/types\/post"}],"author":[{"embeddable":true,"href":"https:\/\/magenarquitectos.com\/en\/wp-json\/wp\/v2\/users\/1"}],"replies":[{"embeddable":true,"href":"https:\/\/magenarquitectos.com\/en\/wp-json\/wp\/v2\/comments?post=18319"}],"version-history":[{"count":1,"href":"https:\/\/magenarquitectos.com\/en\/wp-json\/wp\/v2\/posts\/18319\/revisions"}],"predecessor-version":[{"id":18328,"href":"https:\/\/magenarquitectos.com\/en\/wp-json\/wp\/v2\/posts\/18319\/revisions\/18328"}],"wp:attachment":[{"href":"https:\/\/magenarquitectos.com\/en\/wp-json\/wp\/v2\/media?parent=18319"}],"wp:term":[{"taxonomy":"category","embeddable":true,"href":"https:\/\/magenarquitectos.com\/en\/wp-json\/wp\/v2\/categories?post=18319"},{"taxonomy":"post_tag","embeddable":true,"href":"https:\/\/magenarquitectos.com\/en\/wp-json\/wp\/v2\/tags?post=18319"}],"curies":[{"name":"wp","href":"https:\/\/api.w.org\/{rel}","templated":true}]}}