{"id":18320,"date":"2024-12-05T08:00:00","date_gmt":"2024-12-05T08:00:00","guid":{"rendered":"https:\/\/magenarquitectos.com\/?p=18320"},"modified":"2024-12-02T12:46:22","modified_gmt":"2024-12-02T12:46:22","slug":"en-construccion-rehabilitacion-energetica-y-funcional-del-edificio-pignatelli","status":"publish","type":"post","link":"https:\/\/magenarquitectos.com\/en\/en-construccion-rehabilitacion-energetica-y-funcional-del-edificio-pignatelli\/","title":{"rendered":"En construcci\u00f3n: Rehabilitaci\u00f3n energ\u00e9tica y funcional del edificio Pignatelli"},"content":{"rendered":"\n<figure class=\"wp-block-image size-large\"><img loading=\"lazy\" width=\"1012\" height=\"1024\" src=\"https:\/\/magenarquitectos.com\/wp-content\/uploads\/2024\/12\/pignatelli_junquillos-1012x1024.jpg\" alt=\"\" class=\"wp-image-18321\" srcset=\"https:\/\/magenarquitectos.com\/wp-content\/uploads\/2024\/12\/pignatelli_junquillos-1012x1024.jpg 1012w, https:\/\/magenarquitectos.com\/wp-content\/uploads\/2024\/12\/pignatelli_junquillos-296x300.jpg 296w, https:\/\/magenarquitectos.com\/wp-content\/uploads\/2024\/12\/pignatelli_junquillos-768x777.jpg 768w, https:\/\/magenarquitectos.com\/wp-content\/uploads\/2024\/12\/pignatelli_junquillos.jpg 1240w\" sizes=\"(max-width: 1012px) 100vw, 1012px\" title=\"\"><\/figure>\n","protected":false},"excerpt":{"rendered":"","protected":false},"author":1,"featured_media":0,"comment_status":"open","ping_status":"open","sticky":false,"template":"","format":"standard","meta":{"_monsterinsights_skip_tracking":false,"_monsterinsights_sitenote_active":false,"_monsterinsights_sitenote_note":"","_monsterinsights_sitenote_category":0},"categories":[77,97,92],"tags":[115,93,94,74],"_links":{"self":[{"href":"https:\/\/magenarquitectos.com\/en\/wp-json\/wp\/v2\/posts\/18320"}],"collection":[{"href":"https:\/\/magenarquitectos.com\/en\/wp-json\/wp\/v2\/posts"}],"about":[{"href":"https:\/\/magenarquitectos.com\/en\/wp-json\/wp\/v2\/types\/post"}],"author":[{"embeddable":true,"href":"https:\/\/magenarquitectos.com\/en\/wp-json\/wp\/v2\/users\/1"}],"replies":[{"embeddable":true,"href":"https:\/\/magenarquitectos.com\/en\/wp-json\/wp\/v2\/comments?post=18320"}],"version-history":[{"count":1,"href":"https:\/\/magenarquitectos.com\/en\/wp-json\/wp\/v2\/posts\/18320\/revisions"}],"predecessor-version":[{"id":18323,"href":"https:\/\/magenarquitectos.com\/en\/wp-json\/wp\/v2\/posts\/18320\/revisions\/18323"}],"wp:attachment":[{"href":"https:\/\/magenarquitectos.com\/en\/wp-json\/wp\/v2\/media?parent=18320"}],"wp:term":[{"taxonomy":"category","embeddable":true,"href":"https:\/\/magenarquitectos.com\/en\/wp-json\/wp\/v2\/categories?post=18320"},{"taxonomy":"post_tag","embeddable":true,"href":"https:\/\/magenarquitectos.com\/en\/wp-json\/wp\/v2\/tags?post=18320"}],"curies":[{"name":"wp","href":"https:\/\/api.w.org\/{rel}","templated":true}]}}