{"id":18358,"date":"2024-12-17T08:00:00","date_gmt":"2024-12-17T08:00:00","guid":{"rendered":"https:\/\/magenarquitectos.com\/?p=18358"},"modified":"2024-12-16T10:56:46","modified_gmt":"2024-12-16T10:56:46","slug":"jaime-magen-25-anos-de-colegiado-en-el-coaa","status":"publish","type":"post","link":"https:\/\/magenarquitectos.com\/en\/jaime-magen-25-anos-de-colegiado-en-el-coaa\/","title":{"rendered":"Jaime Mag\u00e9n, 25 a\u00f1os de colegiado en el COAA"},"content":{"rendered":"\n<p>En un Acto celebrado el pasado viernes en el Colegio Oficial de Arquitectos de Arag\u00f3n se celebr\u00f3 un homenaje a los arquitectos, como Jaime Mag\u00e9n, que cumpl\u00edan 25 a\u00f1os de colegiaci\u00f3n en el COAA.<\/p>\n\n\n\n<figure class=\"wp-block-image size-large\"><img loading=\"lazy\" width=\"695\" height=\"1024\" src=\"https:\/\/magenarquitectos.com\/wp-content\/uploads\/2024\/12\/25anos_COAA-695x1024.jpg\" alt=\"\" class=\"wp-image-18359\" srcset=\"https:\/\/magenarquitectos.com\/wp-content\/uploads\/2024\/12\/25anos_COAA-695x1024.jpg 695w, https:\/\/magenarquitectos.com\/wp-content\/uploads\/2024\/12\/25anos_COAA-203x300.jpg 203w, https:\/\/magenarquitectos.com\/wp-content\/uploads\/2024\/12\/25anos_COAA-768x1132.jpg 768w, https:\/\/magenarquitectos.com\/wp-content\/uploads\/2024\/12\/25anos_COAA.jpg 841w\" sizes=\"(max-width: 695px) 100vw, 695px\" title=\"\"><\/figure>\n","protected":false},"excerpt":{"rendered":"<p>En un Acto celebrado el pasado viernes en el Colegio Oficial de Arquitectos de Arag\u00f3n se celebr\u00f3 un homenaje a los arquitectos, como Jaime Mag\u00e9n, que cumpl\u00edan 25 a\u00f1os de colegiaci\u00f3n en el COAA.<\/p>\n","protected":false},"author":1,"featured_media":0,"comment_status":"open","ping_status":"open","sticky":false,"template":"","format":"standard","meta":{"_monsterinsights_skip_tracking":false,"_monsterinsights_sitenote_active":false,"_monsterinsights_sitenote_note":"","_monsterinsights_sitenote_category":0},"categories":[14],"tags":[115,74],"_links":{"self":[{"href":"https:\/\/magenarquitectos.com\/en\/wp-json\/wp\/v2\/posts\/18358"}],"collection":[{"href":"https:\/\/magenarquitectos.com\/en\/wp-json\/wp\/v2\/posts"}],"about":[{"href":"https:\/\/magenarquitectos.com\/en\/wp-json\/wp\/v2\/types\/post"}],"author":[{"embeddable":true,"href":"https:\/\/magenarquitectos.com\/en\/wp-json\/wp\/v2\/users\/1"}],"replies":[{"embeddable":true,"href":"https:\/\/magenarquitectos.com\/en\/wp-json\/wp\/v2\/comments?post=18358"}],"version-history":[{"count":1,"href":"https:\/\/magenarquitectos.com\/en\/wp-json\/wp\/v2\/posts\/18358\/revisions"}],"predecessor-version":[{"id":18361,"href":"https:\/\/magenarquitectos.com\/en\/wp-json\/wp\/v2\/posts\/18358\/revisions\/18361"}],"wp:attachment":[{"href":"https:\/\/magenarquitectos.com\/en\/wp-json\/wp\/v2\/media?parent=18358"}],"wp:term":[{"taxonomy":"category","embeddable":true,"href":"https:\/\/magenarquitectos.com\/en\/wp-json\/wp\/v2\/categories?post=18358"},{"taxonomy":"post_tag","embeddable":true,"href":"https:\/\/magenarquitectos.com\/en\/wp-json\/wp\/v2\/tags?post=18358"}],"curies":[{"name":"wp","href":"https:\/\/api.w.org\/{rel}","templated":true}]}}