{"id":18362,"date":"2024-12-20T09:26:05","date_gmt":"2024-12-20T09:26:05","guid":{"rendered":"https:\/\/magenarquitectos.com\/?p=18362"},"modified":"2024-12-20T09:26:07","modified_gmt":"2024-12-20T09:26:07","slug":"la-facultad-de-filosofia-y-letras-en-icon","status":"publish","type":"post","link":"https:\/\/magenarquitectos.com\/en\/la-facultad-de-filosofia-y-letras-en-icon\/","title":{"rendered":"La Facultad de Filosof\u00eda y Letras, en ICON"},"content":{"rendered":"\n<p>&#8220;Diez edificios de Universidades p\u00fablicas que son joyas de la Arquitectura Espa\u00f1ola&#8221;, art\u00edculo de Daniel D\u00edez en ICON, suplemento de El Pa\u00eds, que incluye la reforma y ampliaci\u00f3n de la Facultad de Filosof\u00eda y Letras de la Universidad de Zaragoza.<\/p>\n\n\n\n<p>+ info: <a href=\"https:\/\/elpais.com\/icon-design\/2024-12-19\/diez-edificios-de-universidades-publicas-que-son-joyas-de-la-arquitectura-espanola.html\" rel=\"nofollow noopener\" target=\"_blank\">ICON<\/a><\/p>\n\n\n\n<figure class=\"wp-block-image size-large\"><img loading=\"lazy\" width=\"766\" height=\"1024\" src=\"https:\/\/magenarquitectos.com\/wp-content\/uploads\/2024\/12\/filosofia_icon-766x1024.jpg\" alt=\"\" class=\"wp-image-18363\" srcset=\"https:\/\/magenarquitectos.com\/wp-content\/uploads\/2024\/12\/filosofia_icon-766x1024.jpg 766w, https:\/\/magenarquitectos.com\/wp-content\/uploads\/2024\/12\/filosofia_icon-224x300.jpg 224w, https:\/\/magenarquitectos.com\/wp-content\/uploads\/2024\/12\/filosofia_icon-768x1027.jpg 768w, https:\/\/magenarquitectos.com\/wp-content\/uploads\/2024\/12\/filosofia_icon-1149x1536.jpg 1149w, https:\/\/magenarquitectos.com\/wp-content\/uploads\/2024\/12\/filosofia_icon.jpg 1168w\" sizes=\"(max-width: 766px) 100vw, 766px\" title=\"\"><\/figure>\n","protected":false},"excerpt":{"rendered":"<p>&#8220;Diez edificios de Universidades p\u00fablicas que son joyas de la Arquitectura Espa\u00f1ola&#8221;, art\u00edculo de Daniel D\u00edez en ICON, suplemento de El Pa\u00eds, que incluye la reforma y ampliaci\u00f3n de la Facultad de Filosof\u00eda y Letras de la Universidad de Zaragoza. + info: ICON<\/p>\n","protected":false},"author":1,"featured_media":0,"comment_status":"open","ping_status":"open","sticky":false,"template":"","format":"standard","meta":{"_monsterinsights_skip_tracking":false,"_monsterinsights_sitenote_active":false,"_monsterinsights_sitenote_note":"","_monsterinsights_sitenote_category":0},"categories":[65,139,125,90,194],"tags":[115,134,80,93,94,82,83,166,74],"_links":{"self":[{"href":"https:\/\/magenarquitectos.com\/en\/wp-json\/wp\/v2\/posts\/18362"}],"collection":[{"href":"https:\/\/magenarquitectos.com\/en\/wp-json\/wp\/v2\/posts"}],"about":[{"href":"https:\/\/magenarquitectos.com\/en\/wp-json\/wp\/v2\/types\/post"}],"author":[{"embeddable":true,"href":"https:\/\/magenarquitectos.com\/en\/wp-json\/wp\/v2\/users\/1"}],"replies":[{"embeddable":true,"href":"https:\/\/magenarquitectos.com\/en\/wp-json\/wp\/v2\/comments?post=18362"}],"version-history":[{"count":1,"href":"https:\/\/magenarquitectos.com\/en\/wp-json\/wp\/v2\/posts\/18362\/revisions"}],"predecessor-version":[{"id":18365,"href":"https:\/\/magenarquitectos.com\/en\/wp-json\/wp\/v2\/posts\/18362\/revisions\/18365"}],"wp:attachment":[{"href":"https:\/\/magenarquitectos.com\/en\/wp-json\/wp\/v2\/media?parent=18362"}],"wp:term":[{"taxonomy":"category","embeddable":true,"href":"https:\/\/magenarquitectos.com\/en\/wp-json\/wp\/v2\/categories?post=18362"},{"taxonomy":"post_tag","embeddable":true,"href":"https:\/\/magenarquitectos.com\/en\/wp-json\/wp\/v2\/tags?post=18362"}],"curies":[{"name":"wp","href":"https:\/\/api.w.org\/{rel}","templated":true}]}}