{"id":18367,"date":"2025-01-02T08:00:00","date_gmt":"2025-01-02T08:00:00","guid":{"rendered":"https:\/\/magenarquitectos.com\/?p=18367"},"modified":"2025-01-02T09:39:46","modified_gmt":"2025-01-02T09:39:46","slug":"2024-resumen-grafico","status":"publish","type":"post","link":"https:\/\/magenarquitectos.com\/en\/2024-resumen-grafico\/","title":{"rendered":"2024. Resumen gr\u00e1fico"},"content":{"rendered":"\n<figure class=\"wp-block-image size-large\"><img loading=\"lazy\" width=\"1024\" height=\"921\" src=\"https:\/\/magenarquitectos.com\/wp-content\/uploads\/2024\/12\/2024_res-1024x921.jpg\" alt=\"\" class=\"wp-image-18369\" srcset=\"https:\/\/magenarquitectos.com\/wp-content\/uploads\/2024\/12\/2024_res-1024x921.jpg 1024w, https:\/\/magenarquitectos.com\/wp-content\/uploads\/2024\/12\/2024_res-300x270.jpg 300w, https:\/\/magenarquitectos.com\/wp-content\/uploads\/2024\/12\/2024_res-768x691.jpg 768w, https:\/\/magenarquitectos.com\/wp-content\/uploads\/2024\/12\/2024_res.jpg 1240w\" sizes=\"(max-width: 1024px) 100vw, 1024px\" title=\"\"><\/figure>\n\n\n\n<p><strong>(1)<\/strong>&nbsp;Mag\u00e9n Arquitectos dise\u00f1ar\u00e1 la <a href=\"https:\/\/magenarquitectos.com\/proyectos\/tienda-palacio-de-la-aljaferia\/\">nueva tienda del Palacio de la Aljafer\u00eda<\/a> <a href=\"https:\/\/magenarquitectos.com\/palacio-de-la-aljaferia\/\">[ir]<\/a> \/ Magen Arquitectos to design the <a href=\"https:\/\/magenarquitectos.com\/en\/projects\/17938-2\/\">new store in Palacio de la Aljaferia<\/a>  <a href=\"https:\/\/magenarquitectos.com\/palacio-de-la-aljaferia\/\">[go]<\/a><\/p>\n\n\n\n<p><strong>(2)<\/strong>&nbsp;Mag\u00e9n Arquitectos dise\u00f1ar\u00e1 el <a href=\"https:\/\/magenarquitectos.com\/proyectos\/ies-en-monzon\/\">nuevo Instituto de Monz\u00f3n<\/a> \/ Magen Arquitectos to design the <a href=\"https:\/\/magenarquitectos.com\/en\/projects\/high-school-in-monzon\/\">new High School in Monzon<\/a> <\/p>\n\n\n\n<p><strong>(3)<\/strong> En construcci\u00f3n: <a href=\"https:\/\/magenarquitectos.com\/proyectos\/rehabilitacion-del-edificio-pignatelli\/\">Rehabilitaci\u00f3n energ\u00e9tica y funcional del Edificio Pignatelli, sede del Gobierno de Arag\u00f3n<\/a> \/ In progress: <a href=\"https:\/\/magenarquitectos.com\/en\/projects\/renovation-pignatelli-building\/\">Renovation of Pignatelli buildign, headquarters of Government of Aragon<\/a><\/p>\n\n\n\n<p><strong>(4)<\/strong>&nbsp;Finalizadas las obras de Rehabilitaci\u00f3n del Palacio Municipal de Deportes de Huesca \/ Finished works of Renovation of Municipal Sports Hall in Huesca<\/p>\n\n\n\n<p><strong>(5)<\/strong>\u00a0La <a href=\"https:\/\/magenarquitectos.com\/proyectos\/facultad-de-filosofia-y-letras-universidad-de-zaragoza\/\">Reforma y Ampliaci\u00f3n de la Facultad de Filosof\u00eda y Letras de la Universidad de Zaragoza<\/a>, Seleccionada en los Premios FAD 2024 <a href=\"https:\/\/magenarquitectos.com\/la-facultad-de-filosofia-y-letras-seleccionada-en-los-premios-fad\/\">[ir]<\/a> \/ <a href=\"https:\/\/magenarquitectos.com\/en\/projects\/facultad-de-filosofia-y-letras-universidad-de-zaragoza\/\">Renovation and Extension of Philosophy Faculty. University of Zaragoza<\/a>, Selected in 2024 FAD Awards  <a href=\"https:\/\/magenarquitectos.com\/la-facultad-de-filosofia-y-letras-seleccionada-en-los-premios-fad\/\">[go]<\/a> <\/p>\n\n\n\n<p><strong>(6)<\/strong>&nbsp;&nbsp;La <a href=\"https:\/\/magenarquitectos.com\/proyectos\/facultad-de-filosofia-y-letras-universidad-de-zaragoza\/\">Reforma y Ampliaci\u00f3n de la Facultad de Filosof\u00eda y Letras de la Universidad de Zaragoza<\/a>, ganadora del Premio 3 de abril, Finalista del Premio Mapei y Seleccionada en los Premios Arquitectura del CSCAE <a href=\"https:\/\/magenarquitectos.com\/premio-3-de-abril-de-arquitectura-y-urbanismo-para-la-facultad-de-filosofia-y-letras\/\">[ir]<\/a> \/ <a href=\"https:\/\/magenarquitectos.com\/en\/projects\/facultad-de-filosofia-y-letras-universidad-de-zaragoza\/\">Renovation and Extension of Philosophy Faculty. University of Zaragoza<\/a>, 1st Prize in 3 de Abril Awards, Finalist in Mapei Awards and Selected in Architectural Awards by CSCAE <a href=\"https:\/\/magenarquitectos.com\/premio-3-de-abril-de-arquitectura-y-urbanismo-para-la-facultad-de-filosofia-y-letras\/\">[go]<\/a><\/p>\n\n\n\n<p><strong>(7)<\/strong> La <a href=\"https:\/\/magenarquitectos.com\/proyectos\/facultad-de-filosofia-y-letras-universidad-de-zaragoza\/\">Reforma y Ampliaci\u00f3n de la Facultad de Filosof\u00eda y Letras de la Universidad de Zaragoza<\/a>, Seleccionada en la IX Bienal Internacional de Arquitectura Barbara Cappochin <a href=\"https:\/\/magenarquitectos.com\/la-facultad-de-filosofia-y-letras-de-la-universidad-de-zaragoza-seleccionada-en-la-xi-bienal-international-de-arquitectura-barbara-cappochin\/\">[ir]<\/a> \/  <a href=\"https:\/\/magenarquitectos.com\/en\/projects\/facultad-de-filosofia-y-letras-universidad-de-zaragoza\/\">Renovation and Extension of Philosophy Faculty. University of Zaragoza<\/a>, Selected in IX International Biennial of Architectura Barbara Cappochin <a href=\"https:\/\/magenarquitectos.com\/la-facultad-de-filosofia-y-letras-de-la-universidad-de-zaragoza-seleccionada-en-la-xi-bienal-international-de-arquitectura-barbara-cappochin\/\">[go]<\/a><\/p>\n\n\n\n<p><strong>(8)<\/strong> La <a href=\"https:\/\/magenarquitectos.com\/proyectos\/facultad-de-filosofia-y-letras-universidad-de-zaragoza\/\">Reforma y Ampliaci\u00f3n de la Facultad de Filosof\u00eda y Letras de la Universidad de Zaragoza<\/a>, publicada en ConArquitectura <a href=\"https:\/\/magenarquitectos.com\/la-facultad-de-filosofia-y-letras-publicada-en-conarquitectura-92\/\">[ir]<\/a> \/ <a href=\"https:\/\/magenarquitectos.com\/en\/projects\/facultad-de-filosofia-y-letras-universidad-de-zaragoza\/\">Renovation and Extension of Philosophy Faculty. University of Zaragoza<\/a>, published in ConArquitectura <a href=\"https:\/\/magenarquitectos.com\/la-facultad-de-filosofia-y-letras-publicada-en-conarquitectura-92\/\">[go]<\/a><\/p>\n\n\n\n<p><strong>(9)<\/strong>&nbsp; La <a href=\"https:\/\/magenarquitectos.com\/proyectos\/facultad-de-filosofia-y-letras-universidad-de-zaragoza\/\">Reforma y Ampliaci\u00f3n de la Facultad de Filosof\u00eda y Letras de la Universidad de Zaragoza<\/a>, publicada en On Dise\u00f1o <a href=\"https:\/\/magenarquitectos.com\/la-facultad-de-filosofia-y-letras-publicada-en-on-diseno-no433-espacios-para-el-aprendizaje\/\">[ir]<\/a> \/ <a href=\"https:\/\/magenarquitectos.com\/en\/projects\/facultad-de-filosofia-y-letras-universidad-de-zaragoza\/\">Renovation and Extension of Philosophy Faculty. University of Zaragoza<\/a>, published in ON Dise\u00f1o<a href=\"https:\/\/magenarquitectos.com\/la-facultad-de-filosofia-y-letras-publicada-en-on-diseno-no433-espacios-para-el-aprendizaje\/\">[go]<\/a><\/p>\n\n\n\n<p><strong>(10)<\/strong>&nbsp;&#8220;Diez edificios de universidades p\u00fablicas que son joyas de la Arquitectura Espa\u00f1ola&#8221;, art\u00edculo en Icon de El Pa\u00eds <a href=\"https:\/\/magenarquitectos.com\/la-facultad-de-filosofia-y-letras-en-icon\/\">[ir]<\/a> \/ &#8220;Ten buildings in public universities that are jewels of Spanish Architecture&#8221;, article in ICON by El Pais <a href=\"https:\/\/magenarquitectos.com\/la-facultad-de-filosofia-y-letras-en-icon\/\">[go]<\/a><\/p>\n\n\n\n<p><strong>(11)<\/strong>&nbsp;Jaime Mag\u00e9n cumple 25 a\u00f1os de Colegiado en el Colegio Oficial de Arquitectos de Arag\u00f3n <a href=\"https:\/\/magenarquitectos.com\/jaime-magen-25-anos-de-colegiado-en-el-coaa\/\">[ir]<\/a> \/ Jaime Magen celebrates 25 years as a member of the Aragon Institute of Architects <a href=\"https:\/\/magenarquitectos.com\/palacio-municipal-de-deportes-de-huesca\/\">[g<\/a><a href=\"https:\/\/magenarquitectos.com\/jaime-magen-25-anos-de-colegiado-en-el-coaa\/\">o<\/a><a href=\"https:\/\/magenarquitectos.com\/palacio-municipal-de-deportes-de-huesca\/\">]<\/a><\/p>\n","protected":false},"excerpt":{"rendered":"<p>(1)&nbsp;Mag\u00e9n Arquitectos dise\u00f1ar\u00e1 la nueva tienda del Palacio de la Aljafer\u00eda [ir] \/ Magen Arquitectos to design the new store in Palacio de la Aljaferia [go] (2)&nbsp;Mag\u00e9n Arquitectos dise\u00f1ar\u00e1 el nuevo Instituto de Monz\u00f3n \/ Magen Arquitectos to design the new High School in Monzon (3) En construcci\u00f3n: Rehabilitaci\u00f3n energ\u00e9tica y funcional del Edificio Pignatelli, [&hellip;]<\/p>\n","protected":false},"author":1,"featured_media":0,"comment_status":"open","ping_status":"open","sticky":false,"template":"","format":"standard","meta":{"_monsterinsights_skip_tracking":false,"_monsterinsights_sitenote_active":false,"_monsterinsights_sitenote_note":"","_monsterinsights_sitenote_category":0},"categories":[65,86,195,175,200,220,227,258,202,75,196,76,15,212,213,164,77,78,97,66,67,139,223,132,204,69,125,130,217,14,113,90,194,92,131,165,95,117],"tags":[115,62,80,140,89,70,93,94,82,83,74],"_links":{"self":[{"href":"https:\/\/magenarquitectos.com\/en\/wp-json\/wp\/v2\/posts\/18367"}],"collection":[{"href":"https:\/\/magenarquitectos.com\/en\/wp-json\/wp\/v2\/posts"}],"about":[{"href":"https:\/\/magenarquitectos.com\/en\/wp-json\/wp\/v2\/types\/post"}],"author":[{"embeddable":true,"href":"https:\/\/magenarquitectos.com\/en\/wp-json\/wp\/v2\/users\/1"}],"replies":[{"embeddable":true,"href":"https:\/\/magenarquitectos.com\/en\/wp-json\/wp\/v2\/comments?post=18367"}],"version-history":[{"count":4,"href":"https:\/\/magenarquitectos.com\/en\/wp-json\/wp\/v2\/posts\/18367\/revisions"}],"predecessor-version":[{"id":18406,"href":"https:\/\/magenarquitectos.com\/en\/wp-json\/wp\/v2\/posts\/18367\/revisions\/18406"}],"wp:attachment":[{"href":"https:\/\/magenarquitectos.com\/en\/wp-json\/wp\/v2\/media?parent=18367"}],"wp:term":[{"taxonomy":"category","embeddable":true,"href":"https:\/\/magenarquitectos.com\/en\/wp-json\/wp\/v2\/categories?post=18367"},{"taxonomy":"post_tag","embeddable":true,"href":"https:\/\/magenarquitectos.com\/en\/wp-json\/wp\/v2\/tags?post=18367"}],"curies":[{"name":"wp","href":"https:\/\/api.w.org\/{rel}","templated":true}]}}