{"id":18368,"date":"2025-01-07T08:00:00","date_gmt":"2025-01-07T08:00:00","guid":{"rendered":"https:\/\/magenarquitectos.com\/?p=18368"},"modified":"2025-09-07T15:41:55","modified_gmt":"2025-09-07T15:41:55","slug":"magen-arquitectos-disenara-el-nuevo-instituto-de-monzon","status":"publish","type":"post","link":"https:\/\/magenarquitectos.com\/en\/magen-arquitectos-disenara-el-nuevo-instituto-de-monzon\/","title":{"rendered":"Mag\u00e9n Arquitectos dise\u00f1ar\u00e1 el nuevo Instituto de Monz\u00f3n"},"content":{"rendered":"\n<p>Mag\u00e9n Arquitectos ha sido el ganador del concurso para dise\u00f1ar el nuevo Instituto de Educaci\u00f3n Secundaria en Monz\u00f3n.<\/p>\n\n\n\n<p>Magen Arquitectos to design a new High School in Monzon.<\/p>\n\n\n\n<figure class=\"wp-block-image size-large\"><img loading=\"lazy\" width=\"1024\" height=\"571\" src=\"https:\/\/magenarquitectos.com\/wp-content\/uploads\/2024\/12\/8_VISTAS2-1024x571.jpg\" alt=\"\" class=\"wp-image-18371\" srcset=\"https:\/\/magenarquitectos.com\/wp-content\/uploads\/2024\/12\/8_VISTAS2-1024x571.jpg 1024w, https:\/\/magenarquitectos.com\/wp-content\/uploads\/2024\/12\/8_VISTAS2-300x167.jpg 300w, https:\/\/magenarquitectos.com\/wp-content\/uploads\/2024\/12\/8_VISTAS2-768x428.jpg 768w, https:\/\/magenarquitectos.com\/wp-content\/uploads\/2024\/12\/8_VISTAS2.jpg 1240w\" sizes=\"(max-width: 1024px) 100vw, 1024px\" title=\"\"><\/figure>\n","protected":false},"excerpt":{"rendered":"<p>Mag\u00e9n Arquitectos ha sido el ganador del concurso para dise\u00f1ar el nuevo Instituto de Educaci\u00f3n Secundaria en Monz\u00f3n. Magen Arquitectos to design a new High School in Monzon.<\/p>\n","protected":false},"author":1,"featured_media":0,"comment_status":"open","ping_status":"open","sticky":false,"template":"","format":"standard","meta":{"_monsterinsights_skip_tracking":false,"_monsterinsights_sitenote_active":false,"_monsterinsights_sitenote_note":"","_monsterinsights_sitenote_category":0},"categories":[75,202,65,139],"tags":[115,134,80,140,85,74],"_links":{"self":[{"href":"https:\/\/magenarquitectos.com\/en\/wp-json\/wp\/v2\/posts\/18368"}],"collection":[{"href":"https:\/\/magenarquitectos.com\/en\/wp-json\/wp\/v2\/posts"}],"about":[{"href":"https:\/\/magenarquitectos.com\/en\/wp-json\/wp\/v2\/types\/post"}],"author":[{"embeddable":true,"href":"https:\/\/magenarquitectos.com\/en\/wp-json\/wp\/v2\/users\/1"}],"replies":[{"embeddable":true,"href":"https:\/\/magenarquitectos.com\/en\/wp-json\/wp\/v2\/comments?post=18368"}],"version-history":[{"count":2,"href":"https:\/\/magenarquitectos.com\/en\/wp-json\/wp\/v2\/posts\/18368\/revisions"}],"predecessor-version":[{"id":18587,"href":"https:\/\/magenarquitectos.com\/en\/wp-json\/wp\/v2\/posts\/18368\/revisions\/18587"}],"wp:attachment":[{"href":"https:\/\/magenarquitectos.com\/en\/wp-json\/wp\/v2\/media?parent=18368"}],"wp:term":[{"taxonomy":"category","embeddable":true,"href":"https:\/\/magenarquitectos.com\/en\/wp-json\/wp\/v2\/categories?post=18368"},{"taxonomy":"post_tag","embeddable":true,"href":"https:\/\/magenarquitectos.com\/en\/wp-json\/wp\/v2\/tags?post=18368"}],"curies":[{"name":"wp","href":"https:\/\/api.w.org\/{rel}","templated":true}]}}