{"id":18402,"date":"2025-01-14T08:00:00","date_gmt":"2025-01-14T08:00:00","guid":{"rendered":"https:\/\/magenarquitectos.com\/?p=18402"},"modified":"2025-01-01T01:40:31","modified_gmt":"2025-01-01T01:40:31","slug":"magen-arquitectos-elaborara-el-plan-director-de-la-plaza-del-pilar","status":"publish","type":"post","link":"https:\/\/magenarquitectos.com\/en\/magen-arquitectos-elaborara-el-plan-director-de-la-plaza-del-pilar\/","title":{"rendered":"Mag\u00e9n Arquitectos elaborar\u00e1 el Plan Director de la Plaza del Pilar"},"content":{"rendered":"\n<p>Mag\u00e9n Arquitectos ha ganado el concurso para la redacci\u00f3n del Plan Director que sentar\u00e1 las bases para la renovaci\u00f3n de la Plaza del Pilar de Zaragoza.<\/p>\n\n\n\n<p>Magen Arquitectos to define the Masterplan for the renovation of Plaza del Pilar in Zaragoza.<\/p>\n\n\n\n<figure class=\"wp-block-image size-full\"><img loading=\"lazy\" width=\"956\" height=\"605\" src=\"https:\/\/magenarquitectos.com\/wp-content\/uploads\/2025\/01\/PLAZAPILAR1-1.jpg\" alt=\"\" class=\"wp-image-18403\" srcset=\"https:\/\/magenarquitectos.com\/wp-content\/uploads\/2025\/01\/PLAZAPILAR1-1.jpg 956w, https:\/\/magenarquitectos.com\/wp-content\/uploads\/2025\/01\/PLAZAPILAR1-1-300x190.jpg 300w, https:\/\/magenarquitectos.com\/wp-content\/uploads\/2025\/01\/PLAZAPILAR1-1-768x486.jpg 768w\" sizes=\"(max-width: 956px) 100vw, 956px\" title=\"\"><\/figure>\n","protected":false},"excerpt":{"rendered":"<p>Mag\u00e9n Arquitectos ha ganado el concurso para la redacci\u00f3n del Plan Director que sentar\u00e1 las bases para la renovaci\u00f3n de la Plaza del Pilar de Zaragoza. Magen Arquitectos to define the Masterplan for the renovation of Plaza del Pilar in Zaragoza.<\/p>\n","protected":false},"author":1,"featured_media":0,"comment_status":"open","ping_status":"open","sticky":false,"template":"","format":"standard","meta":{"_monsterinsights_skip_tracking":false,"_monsterinsights_sitenote_active":false,"_monsterinsights_sitenote_note":"","_monsterinsights_sitenote_category":0},"categories":[75,202,132],"tags":[115,80,74],"_links":{"self":[{"href":"https:\/\/magenarquitectos.com\/en\/wp-json\/wp\/v2\/posts\/18402"}],"collection":[{"href":"https:\/\/magenarquitectos.com\/en\/wp-json\/wp\/v2\/posts"}],"about":[{"href":"https:\/\/magenarquitectos.com\/en\/wp-json\/wp\/v2\/types\/post"}],"author":[{"embeddable":true,"href":"https:\/\/magenarquitectos.com\/en\/wp-json\/wp\/v2\/users\/1"}],"replies":[{"embeddable":true,"href":"https:\/\/magenarquitectos.com\/en\/wp-json\/wp\/v2\/comments?post=18402"}],"version-history":[{"count":1,"href":"https:\/\/magenarquitectos.com\/en\/wp-json\/wp\/v2\/posts\/18402\/revisions"}],"predecessor-version":[{"id":18405,"href":"https:\/\/magenarquitectos.com\/en\/wp-json\/wp\/v2\/posts\/18402\/revisions\/18405"}],"wp:attachment":[{"href":"https:\/\/magenarquitectos.com\/en\/wp-json\/wp\/v2\/media?parent=18402"}],"wp:term":[{"taxonomy":"category","embeddable":true,"href":"https:\/\/magenarquitectos.com\/en\/wp-json\/wp\/v2\/categories?post=18402"},{"taxonomy":"post_tag","embeddable":true,"href":"https:\/\/magenarquitectos.com\/en\/wp-json\/wp\/v2\/tags?post=18402"}],"curies":[{"name":"wp","href":"https:\/\/api.w.org\/{rel}","templated":true}]}}